{"id":499,"date":"2008-12-31T19:04:02","date_gmt":"2008-12-31T16:04:02","guid":{"rendered":"http:\/\/www.kayiprihtim.org\/portal\/?p=499"},"modified":"2008-12-31T19:04:02","modified_gmt":"2008-12-31T16:04:02","slug":"mutlu-yillar-ve-mutlu-seneler","status":"publish","type":"post","link":"https:\/\/www.kayiprihtim.org\/portal\/2008\/12\/31\/mutlu-yillar-ve-mutlu-seneler\/","title":{"rendered":"Mutlu Y\u0131llar ve Mutlu Seneler"},"content":{"rendered":"<p><strong>\u00c7ok sevgili Kay\u0131p R\u0131ht\u0131m \u00fcyeleri,<\/strong><\/p>\n<p>Bu y\u0131l \u00e7ift sevin\u00e7 ya\u015f\u0131yoruz. Y\u0131lba\u015f\u0131n\u0131n geli\u015fi ve birinci y\u0131l\u0131m\u0131z\u0131 kutlama sebebiyle 1 Ocak itibariyle ba\u015flayacak ve 1 hafta s\u00fcrecek <em>&#8220;Kay\u0131p R\u0131ht\u0131m 1. Y\u0131l \u015eenlikleri&#8221;<\/em>ne hepiniz davetlisiniz.<\/p>\n<p>Baz\u0131lar\u0131m\u0131z i\u00e7in maddi ve manevi anlamda iyi ya da k\u00f6t\u00fc ge\u00e7en bir y\u0131l\u0131 geride b\u0131rak\u0131yoruz. Bununla birlikte sitemizin ilk alan ad\u0131 dahilinde de bir y\u0131l bitiyor.<\/p>\n<p>Yar\u0131\u015fmalar, oyunlar, etkinlikler ile desteklenecek 1. Y\u0131l \u015eenliklerinde doyas\u0131ya e\u011flence var!<\/p>\n<p>\u015eenlik i\u00e7in a\u00e7\u0131lm\u0131\u015f olan kategorimiz bir hafta boyunca a\u00e7\u0131k kalacakt\u0131r.<\/p>\n<p>\u015eenlik kap\u0131s\u0131 =&gt; <a href=\"https:\/\/www.kayiprihtim.org\/forum\/kayip-rihtim-1-yil-senlikleri-b76.0\/\" target=\"_blank\">Giri\u015f i\u00e7in t\u0131klay\u0131n.<\/a><\/p>\n","protected":false},"excerpt":{"rendered":"<p>\u00c7ok sevgili Kay\u0131p R\u0131ht\u0131m \u00fcyeleri, Bu y\u0131l \u00e7ift sevin\u00e7 ya\u015f\u0131yoruz. Y\u0131lba\u015f\u0131n\u0131n geli\u015fi ve birinci y\u0131l\u0131m\u0131z\u0131 kutlama sebebiyle 1 Ocak itibariyle ba\u015flayacak ve 1 hafta s\u00fcrecek &#8220;Kay\u0131p R\u0131ht\u0131m 1. Y\u0131l \u015eenlikleri&#8221;ne hepiniz davetlisiniz. Baz\u0131lar\u0131m\u0131z i\u00e7in maddi ve manevi anlamda iyi ya da k\u00f6t\u00fc ge\u00e7en bir y\u0131l\u0131 geride b\u0131rak\u0131yoruz. Bununla birlikte sitemizin ilk alan ad\u0131 dahilinde de [&hellip;]<\/p>\n","protected":false},"author":1,"featured_media":0,"comment_status":"open","ping_status":"closed","sticky":false,"template":"","format":"standard","meta":{"_acf_changed":false,"footnotes":""},"categories":[6],"tags":[],"class_list":{"0":"post-499","1":"post","2":"type-post","3":"status-publish","4":"format-standard","6":"category-kayip-rihtim"},"acf":[],"_links":{"self":[{"href":"https:\/\/www.kayiprihtim.org\/portal\/wp-json\/wp\/v2\/posts\/499","targetHints":{"allow":["GET"]}}],"collection":[{"href":"https:\/\/www.kayiprihtim.org\/portal\/wp-json\/wp\/v2\/posts"}],"about":[{"href":"https:\/\/www.kayiprihtim.org\/portal\/wp-json\/wp\/v2\/types\/post"}],"author":[{"embeddable":true,"href":"https:\/\/www.kayiprihtim.org\/portal\/wp-json\/wp\/v2\/users\/1"}],"replies":[{"embeddable":true,"href":"https:\/\/www.kayiprihtim.org\/portal\/wp-json\/wp\/v2\/comments?post=499"}],"version-history":[{"count":0,"href":"https:\/\/www.kayiprihtim.org\/portal\/wp-json\/wp\/v2\/posts\/499\/revisions"}],"wp:attachment":[{"href":"https:\/\/www.kayiprihtim.org\/portal\/wp-json\/wp\/v2\/media?parent=499"}],"wp:term":[{"taxonomy":"category","embeddable":true,"href":"https:\/\/www.kayiprihtim.org\/portal\/wp-json\/wp\/v2\/categories?post=499"},{"taxonomy":"post_tag","embeddable":true,"href":"https:\/\/www.kayiprihtim.org\/portal\/wp-json\/wp\/v2\/tags?post=499"}],"curies":[{"name":"wp","href":"https:\/\/api.w.org\/{rel}","templated":true}]}}