{"id":50279,"date":"2015-11-16T15:06:37","date_gmt":"2015-11-16T13:06:37","guid":{"rendered":"http:\/\/www.kayiprihtim.org\/portal\/?p=50279"},"modified":"2015-11-16T15:06:37","modified_gmt":"2015-11-16T13:06:37","slug":"victor-frankenstein-filminden-heyecan-verici-bir-fragman","status":"publish","type":"post","link":"https:\/\/www.kayiprihtim.org\/portal\/2015\/11\/16\/victor-frankenstein-filminden-heyecan-verici-bir-fragman\/","title":{"rendered":"Victor Frankenstein Filminden Heyecan Verici Bir Fragman"},"content":{"rendered":"<p><img fetchpriority=\"high\" decoding=\"async\" class=\"aligncenter size-full wp-image-50280\" src=\"https:\/\/www.kayiprihtim.org\/portal\/gorsel\/2015\/11\/victor-frankenstein.jpg\" alt=\"victor-frankenstein\" width=\"467\" height=\"247\" srcset=\"https:\/\/www.kayiprihtim.org\/portal\/gorsel\/2015\/11\/victor-frankenstein.jpg 500w, https:\/\/www.kayiprihtim.org\/portal\/gorsel\/2015\/11\/victor-frankenstein-300x158.jpg 300w\" sizes=\"(max-width: 467px) 100vw, 467px\" \/><\/p>\n<p><span style=\"font-size: 12pt;\"><strong><span style=\"color: #993300;\">Daniel Radcliffe<\/span> ve <span style=\"color: #993300;\">James McAvoy<\/span>\u2019un ba\u015frollerini payla\u015ft\u0131\u011f\u0131 <span style=\"color: #993300;\">Victor Frankenstein<\/span> i\u00e7in hem filme hem de sahne arkas\u0131na g\u00f6z atabildi\u011fimiz, etkileyici bir fragman yay\u0131nland\u0131.<\/strong><\/span><\/p>\n<p><a href=\"https:\/\/www.kayiprihtim.org\/portal\/2015\/04\/26\/frankenstein-uyarlamasinda-daniel-radcliffe-ve-james-mcavoya-ilk-bakis\/www.kayiprihtim.org\/portal\/yazar\/mary-shelley\/\" target=\"_blank\"><strong>Mary Shelley<\/strong><\/a>\u2019nin 1818 y\u0131l\u0131nda, yani neredeyse 200 y\u0131l \u00f6nce kaleme ald\u0131\u011f\u0131 \u00f6l\u00fcms\u00fcz eseri <span style=\"color: #993300; font-size: 12pt;\"><strong><a style=\"color: #993300;\" href=\"https:\/\/www.kayiprihtim.org\/portal\/kitap\/frankenstein\/\" target=\"_blank\">Frankenstein<\/a><\/strong> <\/span>bug\u00fcne dek pek \u00e7ok kez sinemaya uyarland\u0131. Ancak kitaba pek de sad\u0131k olmad\u0131klar\u0131 gibi hemen hemen hepsi de canavar\u0131n kendisine odaklanan yap\u0131mlard\u0131 bunlar.<\/p>\n<p>Sizlere daha \u00f6nce de <a href=\"https:\/\/www.kayiprihtim.org\/portal\/2015\/04\/26\/frankenstein-uyarlamasinda-daniel-radcliffe-ve-james-mcavoya-ilk-bakis\/\" target=\"_blank\"><strong>duyurdu\u011fumuz<\/strong> <\/a>bu yeni film ise bu kez doktorumuz <strong>Victor Frankenstein<\/strong>\u2019\u0131n <em>(James McAvoy)<\/em> bizzat kendisini konu alacak ve kambur yard\u0131mc\u0131s\u0131 <strong>Igor<\/strong>\u2019un <em>(Daniel Radcliffe)<\/em> g\u00f6z\u00fcnden anlat\u0131lacak. \u00dcstelik fragmandan anlad\u0131\u011f\u0131m\u0131z kadar\u0131yla bunu olduk\u00e7a \u00e7arp\u0131c\u0131 bir \u015fekilde yapmaya kararl\u0131.<\/p>\n<p>Film i\u00e7in yay\u0131nlanan son tan\u0131t\u0131m videosunda <strong>McAvoy<\/strong> ile <strong>Radcliffe<\/strong> aras\u0131ndaki \u015fakala\u015fmalardan, sahne arkas\u0131 g\u00f6r\u00fcnt\u00fclerinden ve tan\u0131t\u0131m \u00e7ekimlerinden baz\u0131lar\u0131na \u015fahit oldu\u011fumuz gibi <span style=\"color: #993300; font-size: 12pt;\"><strong>Frankenstein<\/strong> <\/span>ile <strong>Igor<\/strong> aras\u0131ndaki ili\u015fkiye de bakma f\u0131rsat\u0131 da yakal\u0131yoruz. Klasik so\u011fuk doktor-ezik kambur beklemiyor bizi. Ayn\u0131 heyecanlar\u0131 payla\u015fan, daha insanc\u0131l, daha hevesli iki ki\u015fi var kar\u015f\u0131m\u0131zda. Ve beklemedi\u011fimiz kadar aksiyon sahnesi\u2026 Filmin konusu \u015f\u00f6yle:<\/p>\n<blockquote><p>Radikal bilim adam\u0131 Victor Frankenstein (McAvoy) ve en az onun kadar parlak yard\u0131mc\u0131s\u0131 Igor Strausman (Radcliffe), \u00e7\u0131\u011f\u0131r a\u00e7an ara\u015ft\u0131rmalar\u0131 sayesinde insano\u011flunu \u00f6l\u00fcms\u00fczl\u00fc\u011fe kavu\u015fturmak gibi soylu bir hayali payla\u015fmaktad\u0131r. Ama Victor\u2019\u0131n deneyleri \u00e7ok ileri gider ve tak\u0131nt\u0131s\u0131 korkun\u00e7 sonu\u00e7lara yol a\u00e7ar. Dostunu delili\u011fin e\u015fi\u011finden \u00e7ekip onu canavar\u0131ms\u0131 yarat\u0131\u011f\u0131ndan kurtarabilecek tek ki\u015fi Igor\u2019dur.<\/p><\/blockquote>\n<p>K\u0131sacas\u0131 \u00fclkemizde g\u00f6sterim tarihi <span style=\"font-size: 12pt;\"><strong>11 Aral\u0131k<\/strong><\/span>\u00a0olarak belirlenen\u00a0film bizlere bekledi\u011fimizden \u00e7ok daha fazlas\u0131n\u0131 sunacak gibi g\u00f6r\u00fcn\u00fcyor. Siz ne dersiniz?<\/p>\n<p><iframe src=\"https:\/\/www.youtube.com\/embed\/08QT_YlMEuI\" width=\"467\" height=\"315\" frameborder=\"0\" allowfullscreen=\"allowfullscreen\"><\/iframe><\/p>\n","protected":false},"excerpt":{"rendered":"<p>Daniel Radcliffe ve James McAvoy\u2019un ba\u015frollerini payla\u015ft\u0131\u011f\u0131 Victor Frankenstein i\u00e7in hem filme hem de sahne arkas\u0131na g\u00f6z atabildi\u011fimiz, etkileyici bir fragman yay\u0131nland\u0131. Mary Shelley\u2019nin 1818 y\u0131l\u0131nda, yani neredeyse 200 y\u0131l \u00f6nce kaleme ald\u0131\u011f\u0131 \u00f6l\u00fcms\u00fcz eseri Frankenstein bug\u00fcne dek pek \u00e7ok kez sinemaya uyarland\u0131. Ancak kitaba pek de sad\u0131k olmad\u0131klar\u0131 gibi hemen hemen hepsi de canavar\u0131n [&hellip;]<\/p>\n","protected":false},"author":57,"featured_media":50280,"comment_status":"open","ping_status":"closed","sticky":false,"template":"","format":"standard","meta":{"_acf_changed":false,"footnotes":""},"categories":[36],"tags":[178,471,4713,4411,8488],"class_list":{"0":"post-50279","1":"post","2":"type-post","3":"status-publish","4":"format-standard","5":"has-post-thumbnail","7":"category-fantastik-perde","8":"tag-daniel-radcliffe","9":"tag-fragman","10":"tag-igor","11":"tag-james-mcavoy","12":"tag-victor-frankenstein","13":"kose_yazari-m-ihsan-tatari-arsivi"},"acf":[],"_links":{"self":[{"href":"https:\/\/www.kayiprihtim.org\/portal\/wp-json\/wp\/v2\/posts\/50279","targetHints":{"allow":["GET"]}}],"collection":[{"href":"https:\/\/www.kayiprihtim.org\/portal\/wp-json\/wp\/v2\/posts"}],"about":[{"href":"https:\/\/www.kayiprihtim.org\/portal\/wp-json\/wp\/v2\/types\/post"}],"author":[{"embeddable":true,"href":"https:\/\/www.kayiprihtim.org\/portal\/wp-json\/wp\/v2\/users\/57"}],"replies":[{"embeddable":true,"href":"https:\/\/www.kayiprihtim.org\/portal\/wp-json\/wp\/v2\/comments?post=50279"}],"version-history":[{"count":0,"href":"https:\/\/www.kayiprihtim.org\/portal\/wp-json\/wp\/v2\/posts\/50279\/revisions"}],"wp:featuredmedia":[{"embeddable":true,"href":"https:\/\/www.kayiprihtim.org\/portal\/wp-json\/wp\/v2\/media\/50280"}],"wp:attachment":[{"href":"https:\/\/www.kayiprihtim.org\/portal\/wp-json\/wp\/v2\/media?parent=50279"}],"wp:term":[{"taxonomy":"category","embeddable":true,"href":"https:\/\/www.kayiprihtim.org\/portal\/wp-json\/wp\/v2\/categories?post=50279"},{"taxonomy":"post_tag","embeddable":true,"href":"https:\/\/www.kayiprihtim.org\/portal\/wp-json\/wp\/v2\/tags?post=50279"}],"curies":[{"name":"wp","href":"https:\/\/api.w.org\/{rel}","templated":true}]}}