{"id":50444,"date":"2015-11-19T09:35:02","date_gmt":"2015-11-19T07:35:02","guid":{"rendered":"http:\/\/www.kayiprihtim.org\/portal\/?p=50444"},"modified":"2015-11-19T09:35:02","modified_gmt":"2015-11-19T07:35:02","slug":"kara-kulede-matthew-mcconaughey-sesleri","status":"publish","type":"post","link":"https:\/\/www.kayiprihtim.org\/portal\/2015\/11\/19\/kara-kulede-matthew-mcconaughey-sesleri\/","title":{"rendered":"Kara Kule\u2019de Matthew McConaughey Sesleri!"},"content":{"rendered":"<p><img fetchpriority=\"high\" decoding=\"async\" class=\"aligncenter size-full wp-image-50445\" src=\"https:\/\/www.kayiprihtim.org\/portal\/gorsel\/2015\/11\/dark-tower-mcConaughey.jpg\" alt=\"dark-tower-mcConaughey\" width=\"467\" height=\"235\" srcset=\"https:\/\/www.kayiprihtim.org\/portal\/gorsel\/2015\/11\/dark-tower-mcConaughey.jpg 500w, https:\/\/www.kayiprihtim.org\/portal\/gorsel\/2015\/11\/dark-tower-mcConaughey-300x151.jpg 300w\" sizes=\"(max-width: 467px) 100vw, 467px\" \/><\/p>\n<p><span style=\"font-size: 12pt;\"><strong>Son olarak <span style=\"color: #993300;\">True Detective<\/span> ve <span style=\"color: #993300;\">Interstellar<\/span> gibi yap\u0131mlarda izleme \u015fans\u0131 elde etti\u011fimiz \u00fcnl\u00fc oyuncu Matthew McConaughey, <span style=\"color: #993300;\">Kara Kule<\/span> filminde ba\u015frol oynayabilir.<\/strong><\/span><\/p>\n<p>Sinema d\u00fcnyas\u0131nda ilgin\u00e7 \u015feyler oluyor. Yani, her zamankinden daha ilgin\u00e7 demek istedim\u2026 Bildi\u011finiz \u00fczere \u015fu s\u0131ralar hem sinema hem de televizyon d\u00fcnyas\u0131 <strong>Stephen King<\/strong>\u2019in onlarca eserini beyazperdeye ve ekranlar\u0131m\u0131za ta\u015f\u0131mak i\u00e7in hummal\u0131 bir yar\u0131\u015f i\u00e7erisindeler. Hatta ge\u00e7enlerde hepsini kapsaml\u0131 bir dosya h\u00e2linde <a href=\"https:\/\/www.kayiprihtim.org\/portal\/2015\/09\/20\/stephen-kingin-yapim-asamasindaki-tum-film-ve-dizileri\/\" target=\"_blank\"><strong>sunmu\u015ftuk<\/strong> <\/a>sizlere.<\/p>\n<p>\u0130\u015fte o uyarlamalardan ikisi, <em><strong>Showtime<\/strong> <\/em>kanal\u0131n\u0131n <span style=\"color: #993300; font-size: 12pt;\"><strong>Mah\u015fer<\/strong> <\/span>dizisi ile <em><strong>Sony<\/strong><\/em>\u2019nin <span style=\"color: #993300; font-size: 12pt;\"><strong>Kara Kule<\/strong><\/span> filmi aras\u0131nda heyecan verici bir fl\u00f6rt ya\u015fanmaya ba\u015flad\u0131. Hat\u0131rlarsan\u0131z Mah\u015fer\u2019in sekiz b\u00f6l\u00fcml\u00fck bir mini dizi h\u00e2line getirilece\u011fini daha \u00f6nce sizlere <strong><a href=\"https:\/\/www.kayiprihtim.org\/portal\/2015\/06\/09\/stephen-kingin-unlu-romani-mahser-dizi-oluyor\/\" target=\"_blank\">duyurmu\u015ftuk<\/a><\/strong>. King hayranlar\u0131 o kitab\u0131n k\u00f6t\u00fc karakterinin \u015feytani b\u00fcy\u00fcc\u00fc <span style=\"color: #993300; font-size: 12pt;\"><strong>Randall Flagg<\/strong><\/span> oldu\u011funu \u00e7ok iyi hat\u0131rlayacaklard\u0131r. \u0130\u015fte Showtime kanal\u0131 o rol i\u00e7in <strong>Matthew McConaughey<\/strong> <em>(True Detective, Interstellar, Amistad)<\/em> ile g\u00f6r\u00fc\u015fme h\u00e2linde.<\/p>\n<p>Peki <span style=\"color: #993300; font-size: 12pt;\"><strong>Kara Kule<\/strong><\/span> serisinin k\u00f6t\u00fc adam\u0131 kim? <strong>Walter Padick<\/strong>, yani <strong>Siyahl\u0131 Adam<\/strong>, yani <strong>Randall Flagg<\/strong>\u2026 Bizim i\u00e7in ayn\u0131 b\u00fcy\u00fck rol i\u00e7in ayn\u0131 \u00fcnl\u00fc ve de ba\u015far\u0131l\u0131 akt\u00f6r\u00fc izlemekten daha \u00e7ekici ne olabilir ki? De\u011fil mi? \u0130\u015fte Sony de ayn\u0131 \u015feyi d\u00fc\u015f\u00fcn\u00fcyor olacak ki Kara Kule filminde de Randall Flagg rol\u00fcn\u00fc canland\u0131rmas\u0131 i\u00e7in <span style=\"color: #993300; font-size: 12pt;\"><strong>Matthew McConaughey<\/strong><\/span>\u2019a resmi bir teklifte bulunmu\u015f!<\/p>\n<p>\u015eu an i\u00e7in kesinle\u015fen bir \u015fey yok, <strong>McConaughey<\/strong> h\u00e2l\u00e2 senaryoyu okumakla me\u015fgul ve cevab\u0131n\u0131 \u00f6n\u00fcm\u00fczdeki g\u00fcnlerde verecek. Yine de Sony ile Marvel aras\u0131ndaki Spider-man anla\u015fmas\u0131n\u0131 d\u00fc\u015f\u00fcnd\u00fck\u00e7e neden bu hayal de ger\u00e7ek olmas\u0131n diye d\u00fc\u015f\u00fcn\u00fcyor insan.<\/p>\n","protected":false},"excerpt":{"rendered":"<p>Son olarak True Detective ve Interstellar gibi yap\u0131mlarda izleme \u015fans\u0131 elde etti\u011fimiz \u00fcnl\u00fc oyuncu Matthew McConaughey, Kara Kule filminde ba\u015frol oynayabilir. Sinema d\u00fcnyas\u0131nda ilgin\u00e7 \u015feyler oluyor. Yani, her zamankinden daha ilgin\u00e7 demek istedim\u2026 Bildi\u011finiz \u00fczere \u015fu s\u0131ralar hem sinema hem de televizyon d\u00fcnyas\u0131 Stephen King\u2019in onlarca eserini beyazperdeye ve ekranlar\u0131m\u0131za ta\u015f\u0131mak i\u00e7in hummal\u0131 bir yar\u0131\u015f [&hellip;]<\/p>\n","protected":false},"author":57,"featured_media":50445,"comment_status":"open","ping_status":"closed","sticky":false,"template":"","format":"standard","meta":{"_acf_changed":false,"footnotes":""},"categories":[36],"tags":[8565,2686,2693,421,1198,2798,8567,4446,8569,2902,242,8566,8568],"class_list":{"0":"post-50444","1":"post","2":"type-post","3":"status-publish","4":"format-standard","5":"has-post-thumbnail","7":"category-fantastik-perde","8":"tag-dark-tower","9":"tag-dizi","10":"tag-film","11":"tag-kara-kule","12":"tag-mahser","13":"tag-matthew-mcconaughey","14":"tag-randall-flagg","15":"tag-showtime","16":"tag-siyahli-adam","17":"tag-sony","18":"tag-stephen-king","19":"tag-the-strand","20":"tag-walter-padick","21":"kose_yazari-m-ihsan-tatari-arsivi"},"acf":[],"_links":{"self":[{"href":"https:\/\/www.kayiprihtim.org\/portal\/wp-json\/wp\/v2\/posts\/50444","targetHints":{"allow":["GET"]}}],"collection":[{"href":"https:\/\/www.kayiprihtim.org\/portal\/wp-json\/wp\/v2\/posts"}],"about":[{"href":"https:\/\/www.kayiprihtim.org\/portal\/wp-json\/wp\/v2\/types\/post"}],"author":[{"embeddable":true,"href":"https:\/\/www.kayiprihtim.org\/portal\/wp-json\/wp\/v2\/users\/57"}],"replies":[{"embeddable":true,"href":"https:\/\/www.kayiprihtim.org\/portal\/wp-json\/wp\/v2\/comments?post=50444"}],"version-history":[{"count":0,"href":"https:\/\/www.kayiprihtim.org\/portal\/wp-json\/wp\/v2\/posts\/50444\/revisions"}],"wp:featuredmedia":[{"embeddable":true,"href":"https:\/\/www.kayiprihtim.org\/portal\/wp-json\/wp\/v2\/media\/50445"}],"wp:attachment":[{"href":"https:\/\/www.kayiprihtim.org\/portal\/wp-json\/wp\/v2\/media?parent=50444"}],"wp:term":[{"taxonomy":"category","embeddable":true,"href":"https:\/\/www.kayiprihtim.org\/portal\/wp-json\/wp\/v2\/categories?post=50444"},{"taxonomy":"post_tag","embeddable":true,"href":"https:\/\/www.kayiprihtim.org\/portal\/wp-json\/wp\/v2\/tags?post=50444"}],"curies":[{"name":"wp","href":"https:\/\/api.w.org\/{rel}","templated":true}]}}