{"id":50508,"date":"2015-11-21T15:01:36","date_gmt":"2015-11-21T13:01:36","guid":{"rendered":"http:\/\/www.kayiprihtim.org\/portal\/?p=50508"},"modified":"2015-11-21T15:01:36","modified_gmt":"2015-11-21T13:01:36","slug":"marmara-cizgiden-dort-yeni-cizgi-roman","status":"publish","type":"post","link":"https:\/\/www.kayiprihtim.org\/portal\/2015\/11\/21\/marmara-cizgiden-dort-yeni-cizgi-roman\/","title":{"rendered":"Marmara \u00c7izgi\u2019den D\u00f6rt Yeni \u00c7izgi Roman!"},"content":{"rendered":"<p><img fetchpriority=\"high\" decoding=\"async\" class=\"aligncenter size-full wp-image-50510\" src=\"https:\/\/www.kayiprihtim.org\/portal\/gorsel\/2015\/11\/marmara-kasim.jpg\" alt=\"marmara-kasim\" width=\"467\" height=\"280\" srcset=\"https:\/\/www.kayiprihtim.org\/portal\/gorsel\/2015\/11\/marmara-kasim.jpg 500w, https:\/\/www.kayiprihtim.org\/portal\/gorsel\/2015\/11\/marmara-kasim-300x180.jpg 300w\" sizes=\"(max-width: 467px) 100vw, 467px\" \/><\/p>\n<p><span style=\"font-size: 12pt;\"><strong><span style=\"color: #993300;\">Marmara \u00c7izgi<\/span> bizi sevdi\u011fimiz \u00e7izgi romanlarla bulu\u015fturmaya h\u0131z kesmeden devam ediyor!<\/strong><\/span><\/p>\n<p>Hen\u00fcz ge\u00e7ti\u011fimiz hafta <em><strong>Punisher Max #5<\/strong><\/em> ve <em><strong>Avenging Spider-Man #3&amp;4<\/strong><\/em>\u2019\u00fc <a href=\"https:\/\/www.kayiprihtim.org\/portal\/2015\/11\/16\/seker-gibi-cizgi-romanlar\/\" target=\"_blank\"><strong>yay\u0131nlayan<\/strong> <\/a>Marmara \u00c7izgi bu hafta da d\u00f6rt yeni \u00e7izgi roman haberiyle \u00e7\u0131kt\u0131 kar\u015f\u0131m\u0131za. Aralar\u0131nda neler yok ki?<\/p>\n<p><strong> Yaln\u0131z Kurt ve Yavrusu<\/strong>\u2019nun ortas\u0131na geldi\u011fimizi m\u00fcjdeleyen 15. say\u0131s\u0131. Eski dostumuz <strong>Conan<\/strong>\u2019\u0131n uzun zamand\u0131r beklenen yeni say\u0131s\u0131. Amazing <strong>Spider-Man<\/strong>\u2019in 17. say\u0131s\u0131nda <strong><em>Juggernaut<\/em><\/strong>\u2019la ya\u015fanan amans\u0131z bir kap\u0131\u015fma. Veeee\u2026 Spider-Man Klasik Maceralar serisinde ge\u00e7mi\u015ften kopup gelen, unutulmaz bir ser\u00fcven: <strong>Zalim Alt\u0131l\u0131<\/strong>.<\/p>\n<p>\u015eahsen y\u0131llar \u00f6nce okudu\u011fum <span style=\"color: #993300; font-size: 12pt;\"><strong>Zalim Alt\u0131l\u0131<\/strong><\/span>\u2019y\u0131 tekrar g\u00f6rmek beni olduk\u00e7a heyecanland\u0131rd\u0131. <em><strong>Stan Lee<\/strong><\/em>\u2019nin yazd\u0131\u011f\u0131, <em><strong>Steve Ditko<\/strong><\/em> ve <em><strong>Erik Larsen<\/strong><\/em> gibi iki efsanenin resimledi\u011fi bu cilde pen\u00e7elerimi ge\u00e7irmek i\u00e7in sab\u0131rs\u0131zlan\u0131yorum. Laf\u0131 fazla uzatmadan gelin hep beraber tan\u0131t\u0131mlar\u0131na bir bakal\u0131m:<\/p>\n<p>[stextbox id=&#8221;black&#8221;]<strong>Yaln\u0131z Kurt ve Yavrusu #15<\/strong><\/p>\n<blockquote><p><img decoding=\"async\" class=\"size-full wp-image-50512 alignright\" src=\"https:\/\/www.kayiprihtim.org\/portal\/gorsel\/2015\/11\/yalniz-kurt-ve-yavrusu-15.jpg\" alt=\"yalniz-kurt-ve-yavrusu-15\" width=\"200\" height=\"305\" srcset=\"https:\/\/www.kayiprihtim.org\/portal\/gorsel\/2015\/11\/yalniz-kurt-ve-yavrusu-15.jpg 300w, https:\/\/www.kayiprihtim.org\/portal\/gorsel\/2015\/11\/yalniz-kurt-ve-yavrusu-15-197x300.jpg 197w\" sizes=\"(max-width: 200px) 100vw, 200px\" \/>Yaln\u0131z Kurt ve Yavrusu efsanesi, bu ba\u015f d\u00f6nd\u00fcr\u00fcc\u00fc ciltle birlikte yolun yar\u0131s\u0131n\u0131 ge\u00e7mi\u015f oluyor! Yaln\u0131z Kurt, yani Ogami Itto\u2019nun, bu karanl\u0131k tutkular ve politik entrikalarla dolu hikayede, can d\u00fc\u015fman\u0131 Yagyu Retsudo ile y\u00fcz y\u00fcze geldi\u011fini g\u00f6receksiniz. Sonra &#8220;Sodeshi Kad\u0131nlar\u0131&#8221;n\u0131n dram\u0131na tan\u0131k olacaks\u0131n\u0131z. Olduk\u00e7a derinlere s\u0131zm\u0131\u015f bir ninjan\u0131n, ka\u00e7m\u0131\u015f olan karde\u015finin pe\u015fine, birlikte d\u00fc\u015feceksiniz ki bu s\u0131rada bir grup g\u00f6lge sava\u015f\u00e7\u0131, Yaln\u0131z Kurt taraf\u0131ndan korunan gizli bir alt\u0131n madenini bulmak i\u00e7in, intihar say\u0131labilecek bir g\u00f6revi \u00fcstlenecekler! Amerika\u2019n\u0131n en \u00e7ok satan grafik roman serisi, yeni hayranlar kazanmaya devam ediyor!<\/p><\/blockquote>\n<p>[stextbox id=&#8221;black&#8221;]<strong>Amazing Spider Man #17<\/strong><\/p>\n<blockquote><p><img decoding=\"async\" class=\"size-full wp-image-50511 alignleft\" src=\"https:\/\/www.kayiprihtim.org\/portal\/gorsel\/2015\/11\/meydan-okuma.jpg\" alt=\"meydan-okuma\" width=\"200\" height=\"300\" srcset=\"https:\/\/www.kayiprihtim.org\/portal\/gorsel\/2015\/11\/meydan-okuma.jpg 300w, https:\/\/www.kayiprihtim.org\/portal\/gorsel\/2015\/11\/meydan-okuma-200x300.jpg 200w\" sizes=\"(max-width: 200px) 100vw, 200px\" \/>Pek birbirleriyle ilgili olmamalar\u0131na ra\u011fmen ge\u00e7mi\u015fte birka\u00e7 kez kafa kafaya \u00e7arp\u0131\u015fan \u00d6r\u00fcmcek Adam ve Juggernaut\u2019\u0131n yapt\u0131klar\u0131 her \u00e7arp\u0131\u015fman\u0131n sonucu, New York\u2019un en sevdi\u011fi duvar s\u00fcr\u00fcngeninin ba\u015f\u0131na saplanan devasa migren a\u011fr\u0131lar\u0131 olmu\u015ftu! Ama en az\u0131ndan \u00d6r\u00fcmcek, ge\u00e7mi\u015fteki \u00e7arp\u0131\u015fmalar\u0131n hepsinden sa\u011f \u00e7\u0131km\u0131\u015ft\u0131. Bu sefer tam olarak \u00f6yle olmayacak. \u00c7\u00fcnk\u00fc bu sefer a\u011f f\u0131rlat\u0131c\u0131 yaln\u0131zca bir zamanlar durdurulamaz olan Juggernaut\u2019la de\u011fil, sonunda onu durdurmay\u0131 ba\u015farm\u0131\u015f olan kozmik g\u00fc\u00e7le de \u00e7arp\u0131\u015facak! Evrenin en muhte\u015fem g\u00fc\u00e7lerinin ikisinin aras\u0131nda kalan \u00d6r\u00fcmcek Adam\u2019\u0131 bir \u015fey durdurabilir &#8212; hem de sonsuza kadar! Ayr\u0131ca: Hood, eski Scorpion\u2019un k\u0131yafetini giymeye hevesli olan herkese a\u00e7\u0131k bir davet yolluyor! Peki bu, Kravinoff\u2019lar\u0131n plan\u0131na nas\u0131l uyum sa\u011fl\u0131yor? Ve yeni Scorpion\u2019un, yani Carmilla Black\u2019in bu se\u00e7melerde ne i\u015fi var? Bu ciltte Roger Stern ve Fred Van Lente\u2019nin yazd\u0131\u011f\u0131 ve Michael Gaydos ile Leo Weeks\u2019in \u00e7izdi\u011fi Amazing Spider-Man #625- 629 say\u0131lar\u0131 bir araya getirilmi\u015ftir.<\/p><\/blockquote>\n<p>[stextbox id=&#8221;black&#8221;]<strong>Barbar Conan\u2019\u0131n Vah\u015fi K\u0131l\u0131c\u0131 #15<\/strong><\/p>\n<blockquote><p><img loading=\"lazy\" decoding=\"async\" class=\"size-full wp-image-50509 alignright\" src=\"https:\/\/www.kayiprihtim.org\/portal\/gorsel\/2015\/11\/Conan.jpg\" alt=\"Conan\" width=\"200\" height=\"301\" srcset=\"https:\/\/www.kayiprihtim.org\/portal\/gorsel\/2015\/11\/Conan.jpg 300w, https:\/\/www.kayiprihtim.org\/portal\/gorsel\/2015\/11\/Conan-199x300.jpg 199w\" sizes=\"(max-width: 200px) 100vw, 200px\" \/>Barbar Conan\u2019\u0131n Vah\u015fi K\u0131l\u0131c\u0131 serisi bu ciltte de nefes kesmeye devam ediyor. Vah\u015fi K\u0131l\u0131\u00e7 d\u00f6neminin merakla beklenen hikayelerinden olan ve iki b\u00f6l\u00fcmden olu\u015fan efsanevi \u201cTanr\u0131 Kral\u2019\u0131n K\u0131z\u0131\u201d maceras\u0131 ve heyecan uyand\u0131ran di\u011fer hikayeleri bir araya getiren bu toplamadaki t\u00fcm ana hikayeler, Conan\u2019\u0131n en b\u00fcy\u00fck yazarlar\u0131ndan say\u0131lan yetenekli Michael Fleisher taraf\u0131ndan yaz\u0131l\u0131rken K\u0131l\u0131\u00e7 ve B\u00fcy\u00fc d\u00fcnyas\u0131na yeni kat\u0131lan Alan Zelenetz, Jim Owsley ve Jim Neal ise yan hikayeleri olu\u015fturmu\u015f. Bu ciltte Crom\u2019un en ayr\u0131cal\u0131kl\u0131 barbar\u0131na \u00e7izimleriyle hayat veren sanat\u00e7\u0131lar ise Gil Kane, John Buscema, Ernie Chan ve Alfredo Alcala. Barbar Conan\u2019\u0131n Vah\u015fi K\u0131l\u0131c\u0131 serisinin #85-88 aras\u0131ndaki say\u0131lar\u0131 kapsayan bu cilde, orijinal fasik\u00fcllerin kapaklar\u0131 ve tam sayfa \u00e7izimleri de dahil edilmi\u015ftir.<\/p><\/blockquote>\n<p>[stextbox id=&#8221;black&#8221;]<strong>Amazing Spider Man: Zalim Alt\u0131l\u0131<\/strong><\/p>\n<blockquote><p><img loading=\"lazy\" decoding=\"async\" class=\"size-full wp-image-50513 alignleft\" src=\"https:\/\/www.kayiprihtim.org\/portal\/gorsel\/2015\/11\/zalim-altili.jpg\" alt=\"zalim-altili\" width=\"200\" height=\"298\" srcset=\"https:\/\/www.kayiprihtim.org\/portal\/gorsel\/2015\/11\/zalim-altili.jpg 300w, https:\/\/www.kayiprihtim.org\/portal\/gorsel\/2015\/11\/zalim-altili-201x300.jpg 201w\" sizes=\"(max-width: 200px) 100vw, 200px\" \/>\u00d6r\u00fcmcek Adam hen\u00fcz bir lise \u00f6\u011frenicisiyken, en tehlikeli d\u00fc\u015fmanlar\u0131n\u0131n bir su\u00e7 \u00f6rg\u00fct\u00fc olu\u015fturup kendisini teker teker s\u0131namalar\u0131yla en kan dondurucu maceralar\u0131ndan birini ya\u015fam\u0131\u015ft\u0131. Bu \u00f6rg\u00fct\u00fcn ad\u0131: Zalim Alt\u0131l\u0131\u2019yd\u0131! Y\u0131llar sonra Doktor Ahtapot, bu zamana kadar yapaca\u011f\u0131 en g\u00f6rkemli i\u015f i\u00e7in ekibini bir kez daha toplayacak ve bu sefer her birini, \u015fimdiye kadar olduklar\u0131ndan \u00e7ok daha \u00f6l\u00fcmc\u00fcl bir hale getirecek \u2013 bu durum da \u00d6r\u00fcmcek\u2019in hayat\u0131n\u0131 hi\u00e7 olmad\u0131\u011f\u0131 kadar karma\u015f\u0131kla\u015ft\u0131racak! \u00d6r\u00fcmcek, Alt\u0131l\u0131\u2019ya gereken dersi verebilecek mi? Yoksa bu sefer dersi alan kendisi mi olacak? Ayr\u0131ca: Uzun zamand\u0131r \u00d6r\u00fcmcek kitaplar\u0131n\u0131n yan rollerinden birini oynayan ve Mary Jane\u2019in en az\u0131l\u0131 d\u00fc\u015fman\u0131 olan ki\u015finin kaderi belli oluyor! Konuk y\u0131ld\u0131zlar: Fantastik D\u00f6rtl\u00fc, \u0130ntikam Birli\u011fi ve daha da fazlas\u0131!<\/p><\/blockquote>\n<p>T\u00fcm ciltlere bu ay i\u00e7erisinde b\u00fct\u00fcn kitap\u00e7\u0131lardan ve sanal d\u00fckk\u00e2nlardan ula\u015f\u0131labilecek. \u015eimdiden keyifli okumalar!<\/p>\n","protected":false},"excerpt":{"rendered":"<p>Marmara \u00c7izgi bizi sevdi\u011fimiz \u00e7izgi romanlarla bulu\u015fturmaya h\u0131z kesmeden devam ediyor! Hen\u00fcz ge\u00e7ti\u011fimiz hafta Punisher Max #5 ve Avenging Spider-Man #3&amp;4\u2019\u00fc yay\u0131nlayan Marmara \u00c7izgi bu hafta da d\u00f6rt yeni \u00e7izgi roman haberiyle \u00e7\u0131kt\u0131 kar\u015f\u0131m\u0131za. Aralar\u0131nda neler yok ki? Yaln\u0131z Kurt ve Yavrusu\u2019nun ortas\u0131na geldi\u011fimizi m\u00fcjdeleyen 15. say\u0131s\u0131. Eski dostumuz Conan\u2019\u0131n uzun zamand\u0131r beklenen yeni say\u0131s\u0131. [&hellip;]<\/p>\n","protected":false},"author":57,"featured_media":50513,"comment_status":"open","ping_status":"closed","sticky":false,"template":"","format":"standard","meta":{"_acf_changed":false,"footnotes":""},"categories":[334],"tags":[7587,1166,8587,6533,8586],"class_list":{"0":"post-50508","1":"post","2":"type-post","3":"status-publish","4":"format-standard","5":"has-post-thumbnail","7":"category-cizgi-roman","8":"tag-amazing-spider-man","9":"tag-conan","10":"tag-juggernaut","11":"tag-yalniz-kurt-ve-yavrusu","12":"tag-zalim-altili","13":"kose_yazari-m-ihsan-tatari-arsivi"},"acf":[],"_links":{"self":[{"href":"https:\/\/www.kayiprihtim.org\/portal\/wp-json\/wp\/v2\/posts\/50508","targetHints":{"allow":["GET"]}}],"collection":[{"href":"https:\/\/www.kayiprihtim.org\/portal\/wp-json\/wp\/v2\/posts"}],"about":[{"href":"https:\/\/www.kayiprihtim.org\/portal\/wp-json\/wp\/v2\/types\/post"}],"author":[{"embeddable":true,"href":"https:\/\/www.kayiprihtim.org\/portal\/wp-json\/wp\/v2\/users\/57"}],"replies":[{"embeddable":true,"href":"https:\/\/www.kayiprihtim.org\/portal\/wp-json\/wp\/v2\/comments?post=50508"}],"version-history":[{"count":0,"href":"https:\/\/www.kayiprihtim.org\/portal\/wp-json\/wp\/v2\/posts\/50508\/revisions"}],"wp:featuredmedia":[{"embeddable":true,"href":"https:\/\/www.kayiprihtim.org\/portal\/wp-json\/wp\/v2\/media\/50513"}],"wp:attachment":[{"href":"https:\/\/www.kayiprihtim.org\/portal\/wp-json\/wp\/v2\/media?parent=50508"}],"wp:term":[{"taxonomy":"category","embeddable":true,"href":"https:\/\/www.kayiprihtim.org\/portal\/wp-json\/wp\/v2\/categories?post=50508"},{"taxonomy":"post_tag","embeddable":true,"href":"https:\/\/www.kayiprihtim.org\/portal\/wp-json\/wp\/v2\/tags?post=50508"}],"curies":[{"name":"wp","href":"https:\/\/api.w.org\/{rel}","templated":true}]}}