{"id":50644,"date":"2015-11-26T13:38:14","date_gmt":"2015-11-26T11:38:14","guid":{"rendered":"http:\/\/www.kayiprihtim.org\/portal\/?p=50644"},"modified":"2015-11-26T13:38:14","modified_gmt":"2015-11-26T11:38:14","slug":"cift-yazarli-romantik-korku-aralik-raflarda","status":"publish","type":"post","link":"https:\/\/www.kayiprihtim.org\/portal\/2015\/11\/26\/cift-yazarli-romantik-korku-aralik-raflarda\/","title":{"rendered":"\u00c7ift Yazarl\u0131 Romantik Korku &#8220;Aral\u0131k&#8221; Raflarda"},"content":{"rendered":"<p><img fetchpriority=\"high\" decoding=\"async\" class=\"aligncenter size-full wp-image-50674\" src=\"https:\/\/www.kayiprihtim.org\/portal\/gorsel\/2015\/11\/aralik-ust.jpg\" alt=\"aralik-ust\" width=\"467\" height=\"330\" srcset=\"https:\/\/www.kayiprihtim.org\/portal\/gorsel\/2015\/11\/aralik-ust.jpg 500w, https:\/\/www.kayiprihtim.org\/portal\/gorsel\/2015\/11\/aralik-ust-300x212.jpg 300w\" sizes=\"(max-width: 467px) 100vw, 467px\" \/><\/p>\n<p><strong><span style=\"font-size: 12pt;\">\u00c7ift yazarl\u0131 fantastik a\u015fk \u00f6yk\u00fcs\u00fc &#8220;Aral\u0131k,&#8221;\u00a0<span style=\"color: #993300;\">Postiga Yay\u0131nlar\u0131<\/span> etiketiyle raflarda.<\/span><\/strong><\/p>\n<p><em>\u00d6l\u00fcm \u015eifresi<\/em>, <em>Korku Kamp\u0131<\/em> gibi korku&amp;gerilim kitaplar\u0131yla tan\u0131d\u0131\u011f\u0131m\u0131z <em><strong>Kayahan Demir<\/strong><\/em> ve <em>Siyah Palto\u00a0<\/em>adl\u0131 roman\u0131n yazar\u0131, zaman zaman sitemize de incelemeleriyle katk\u0131da bulunan\u00a0<em><strong>Emel Kosi<\/strong><\/em>\u2019nin birlikte kaleme ald\u0131klar\u0131 kitap, okura fantastik bir a\u015fk \u00f6yk\u00fcs\u00fc sunuyor. \u0130stanbul\u2019dan Londra\u2019ya dek uzanan gizem dolu, karanl\u0131k bir kitap <span style=\"color: #993300; font-size: 12pt;\"><strong>Aral\u0131k<\/strong><\/span>.<\/p>\n<p><em>\u201cSizce saplant\u0131l\u0131 bir a\u015fk ne kadar karanl\u0131k olabilir?\u201d<\/em> sorusunu y\u00f6nelten kitab\u0131n tan\u0131t\u0131m metni ise k\u0131saca \u015f\u00f6yle:<\/p>\n<blockquote><p><a href=\"https:\/\/www.kayiprihtim.org\/portal\/kitap\/aralik\/\" target=\"_blank\"><img decoding=\"async\" class=\"size-full wp-image-50673 alignright\" src=\"https:\/\/www.kayiprihtim.org\/portal\/gorsel\/2015\/11\/aralik.jpg\" alt=\"aralik\" width=\"200\" height=\"313\" srcset=\"https:\/\/www.kayiprihtim.org\/portal\/gorsel\/2015\/11\/aralik.jpg 300w, https:\/\/www.kayiprihtim.org\/portal\/gorsel\/2015\/11\/aralik-191x300.jpg 191w\" sizes=\"(max-width: 200px) 100vw, 200px\" \/><\/a>Bug\u00fcne kadar a\u015fk\u0131n neredeyse her t\u00fcr\u00fcne \u015fahit oldunuz, hepsi birer birer haf\u0131zan\u0131za kaz\u0131nd\u0131. ARALIK sizi klasik a\u015fk hikayelerinin, o bildik sonlar\u0131n ya\u015fanmad\u0131\u011f\u0131 bir d\u00fcnyaya g\u00f6t\u00fcrecek. Gen\u00e7 bir kad\u0131n ve gen\u00e7 bir adam\u0131n puslu ge\u00e7mi\u015fleri, ya\u015fad\u0131klar\u0131 \u015fehrin alt\u0131nda saklanan Karanl\u0131k Ku\u015flar\u0131\u2019n\u0131n so\u011fuk nefeslerinde yeniden ya\u015fanacak. Kaderleri ise y\u0131l\u0131n son g\u00fcn\u00fc ARALIK taraf\u0131ndan belirlenecek. ARALIK, sizi koltu\u011funuza \u00e7ivilemeye haz\u0131r.<\/p><\/blockquote>\n<p>\u015eehir fantazyas\u0131 ve korku okurlar\u0131n\u0131 yak\u0131ndan ilgilendiren kitap <em><strong>Postiga Yay\u0131nlar\u0131<\/strong><\/em> arac\u0131l\u0131\u011f\u0131yla raflardaki yerini alm\u0131\u015f durumda. K\u00fcnye bilgileri i\u00e7in <span style=\"color: #993300;\"><a style=\"color: #993300;\" href=\"https:\/\/www.kayiprihtim.org\/portal\/kitap\/aralik\/\" target=\"_blank\"><span style=\"font-size: 12pt;\"><strong>buraya<\/strong> <\/span><\/a><\/span>bakabilirsiniz.<\/p>\n","protected":false},"excerpt":{"rendered":"<p>\u00c7ift yazarl\u0131 fantastik a\u015fk \u00f6yk\u00fcs\u00fc &#8220;Aral\u0131k,&#8221;\u00a0Postiga Yay\u0131nlar\u0131 etiketiyle raflarda. \u00d6l\u00fcm \u015eifresi, Korku Kamp\u0131 gibi korku&amp;gerilim kitaplar\u0131yla tan\u0131d\u0131\u011f\u0131m\u0131z Kayahan Demir ve Siyah Palto\u00a0adl\u0131 roman\u0131n yazar\u0131, zaman zaman sitemize de incelemeleriyle katk\u0131da bulunan\u00a0Emel Kosi\u2019nin birlikte kaleme ald\u0131klar\u0131 kitap, okura fantastik bir a\u015fk \u00f6yk\u00fcs\u00fc sunuyor. \u0130stanbul\u2019dan Londra\u2019ya dek uzanan gizem dolu, karanl\u0131k bir kitap Aral\u0131k. \u201cSizce saplant\u0131l\u0131 bir [&hellip;]<\/p>\n","protected":false},"author":65,"featured_media":50674,"comment_status":"open","ping_status":"closed","sticky":false,"template":"","format":"standard","meta":{"_acf_changed":false,"footnotes":""},"categories":[3,325],"tags":[8669,3449,1615,997],"class_list":{"0":"post-50644","1":"post","2":"type-post","3":"status-publish","4":"format-standard","5":"has-post-thumbnail","7":"category-fantastik-kitaplar","8":"category-korkugerilim","9":"tag-aralik","10":"tag-emel-kosi","11":"tag-kayahan-demir","12":"tag-postiga-yayinlari","13":"kose_yazari-bahri-dogukan-sahin"},"acf":[],"_links":{"self":[{"href":"https:\/\/www.kayiprihtim.org\/portal\/wp-json\/wp\/v2\/posts\/50644","targetHints":{"allow":["GET"]}}],"collection":[{"href":"https:\/\/www.kayiprihtim.org\/portal\/wp-json\/wp\/v2\/posts"}],"about":[{"href":"https:\/\/www.kayiprihtim.org\/portal\/wp-json\/wp\/v2\/types\/post"}],"author":[{"embeddable":true,"href":"https:\/\/www.kayiprihtim.org\/portal\/wp-json\/wp\/v2\/users\/65"}],"replies":[{"embeddable":true,"href":"https:\/\/www.kayiprihtim.org\/portal\/wp-json\/wp\/v2\/comments?post=50644"}],"version-history":[{"count":0,"href":"https:\/\/www.kayiprihtim.org\/portal\/wp-json\/wp\/v2\/posts\/50644\/revisions"}],"wp:featuredmedia":[{"embeddable":true,"href":"https:\/\/www.kayiprihtim.org\/portal\/wp-json\/wp\/v2\/media\/50674"}],"wp:attachment":[{"href":"https:\/\/www.kayiprihtim.org\/portal\/wp-json\/wp\/v2\/media?parent=50644"}],"wp:term":[{"taxonomy":"category","embeddable":true,"href":"https:\/\/www.kayiprihtim.org\/portal\/wp-json\/wp\/v2\/categories?post=50644"},{"taxonomy":"post_tag","embeddable":true,"href":"https:\/\/www.kayiprihtim.org\/portal\/wp-json\/wp\/v2\/tags?post=50644"}],"curies":[{"name":"wp","href":"https:\/\/api.w.org\/{rel}","templated":true}]}}