{"id":51055,"date":"2015-12-03T09:43:58","date_gmt":"2015-12-03T07:43:58","guid":{"rendered":"http:\/\/www.kayiprihtim.org\/portal\/?p=51055"},"modified":"2018-06-10T07:23:16","modified_gmt":"2018-06-10T04:23:16","slug":"engelsiz-cizgiler-ekibi-gorme-engelli-cizgi-roman-severlere-2-sayiyi-sundu","status":"publish","type":"post","link":"https:\/\/www.kayiprihtim.org\/portal\/2015\/12\/03\/engelsiz-cizgiler-ekibi-gorme-engelli-cizgi-roman-severlere-2-sayiyi-sundu\/","title":{"rendered":"Engelsiz \u00c7izgiler Ekibi, G\u00f6rme Engelli \u00c7izgi Roman Severlere 2. Say\u0131y\u0131 Sundu!"},"content":{"rendered":"<p style=\"text-align: center;\"><img fetchpriority=\"high\" decoding=\"async\" class=\"aligncenter size-full wp-image-51114\" src=\"https:\/\/www.kayiprihtim.org\/portal\/gorsel\/2015\/12\/engelsiz-cizgiler.jpg\" alt=\"engelsiz-cizgiler\" width=\"467\" height=\"239\" srcset=\"https:\/\/www.kayiprihtim.org\/portal\/gorsel\/2015\/12\/engelsiz-cizgiler.jpg 500w, https:\/\/www.kayiprihtim.org\/portal\/gorsel\/2015\/12\/engelsiz-cizgiler-300x154.jpg 300w\" sizes=\"(max-width: 467px) 100vw, 467px\" \/><\/p>\n<p><span style=\"font-size: 12pt;\"><strong>Bug\u00fcn <span style=\"color: #993300;\">3 Aral\u0131k D\u00fcnya Engelliler G\u00fcn\u00fc<\/span>. Bug\u00fcn, <em>Kay\u0131p R\u0131ht\u0131m<\/em> ekibinin g\u00f6rme engelli takip\u00e7ilerine bir arma\u011fan\u0131 var.<\/strong><\/span><\/p>\n<p>G\u00f6rme engelli takip\u00e7imiz <strong>Cankut De\u011ferli<\/strong> \u00f6nderli\u011finde ba\u015flayan ve g\u00f6rme engelli okurlar\u0131 \u00e7izgi roman okumas\u0131na olanak sa\u011flayan <span style=\"color: #993300; font-size: 12pt;\"><strong>Engelsiz \u00c7izgiler<\/strong><\/span>&#8216;de geldik 2. say\u0131ya! <strong><a href=\"https:\/\/www.kayiprihtim.org\/portal\/2015\/08\/06\/kayip-rihtimdan-engelsiz-cizgiler\/\" target=\"_blank\">Daredevil &#8211; \u015eeytan\u0131n Eli<\/a><\/strong> ile ba\u015flayan macerada, bu defa <em><strong><a href=\"https:\/\/www.kayiprihtim.org\/portal\/seri\/seyfettin-efendi-ve-olaganustu-maceralari\/\" target=\"_blank\">Seyfettin Efendi<\/a><\/strong><\/em>&#8216;nin yarat\u0131c\u0131s\u0131 <span style=\"color: #993300;\"><strong><a style=\"color: #993300;\" href=\"https:\/\/www.kayiprihtim.org\/portal\/yazar\/devrim-kunter\/\" target=\"_blank\">Devrim Kunter<\/a><\/strong><\/span>&#8216;den destek geldi!<\/p>\n<p>\u00c7al\u0131\u015fmalar ilk ekipte de yer alan <strong>Sayhh<\/strong> taraf\u0131ndan tek ba\u015f\u0131na \u00fcstlenildi bu defa. <strong><a href=\"https:\/\/www.kayiprihtim.org\/portal\/yazar\/devrim-kunter\/\" target=\"_blank\">Devrim Kunter<\/a><\/strong>&#8216;\u00a0ise daha \u00f6nce bas\u0131lmam\u0131\u015f <strong><a href=\"https:\/\/www.kayiprihtim.org\/portal\/seri\/seyfettin-efendi-ve-olaganustu-maceralari\/\" target=\"_blank\">Seyfettin Efendi<\/a><\/strong> maceralar\u0131yla g\u00f6rme engelli \u00e7izgi roman merakl\u0131lar\u0131na deste\u011fini esirgemedi.<\/p>\n<p>Ah, daha d\u00fcn bu dostlar ad\u0131na arac\u0131 olup seslerini duyurmaya <strong><a href=\"https:\/\/www.kayiprihtim.org\/portal\/2015\/05\/28\/kayip-rihtimin-gorme-engelli-takipcilerinin-cizgi-romanlar-icin-yapilabilir-bir-istegi-var\/\" target=\"_blank\">\u00e7al\u0131\u015f\u0131yorduk<\/a><\/strong>, \u015fimdiyse ikinci say\u0131ya ge\u00e7tiler, ne mutlu!<\/p>\n<p>\u015eimdi biz susal\u0131m, s\u00f6z\u00fc projenin ba\u015flat\u0131c\u0131s\u0131 ve bir g\u00f6rme engelli olan\u00a0<strong>Cankut De\u011ferli<\/strong>\u00a0ile sitemizin uzun s\u00fcreli takip\u00e7ilerinden ve <span style=\"color: #993300;\"><strong>Engelsiz \u00c7izgiler<\/strong><\/span> \u00e7al\u0131\u015fma grubunun\u00a0yeni \u00fcyesi olan <strong>Beng\u00fc Akag\u00fcl<\/strong>\u00a0devrals\u0131n. Bak\u0131n yeni projeyi \u00a0nas\u0131l anlat\u0131yorlar:<\/p>\n<blockquote><p>Biraz uzun s\u00fcren bir sessizli\u011fin ard\u0131ndan Engelsiz \u00c7izgiler ekibi\u00a0olarak yine kar\u015f\u0131n\u0131zday\u0131z! May\u0131s ay\u0131nda ba\u015flad\u0131\u011f\u0131m\u0131z Engelsiz \u00c7izgiler\u00a0adl\u0131 projemiz ilk meyvesini yaz aylar\u0131nda, Daredevil &#8211; \u015eeytan\u0131n Eli\u00a0ile vermi\u015fti. \u0130lk defa \u00e7izgi roman okuyan g\u00f6rme engelli okurlar i\u00e7in olduk\u00e7a farkl\u0131\u00a0bir deneyimdi Daredevil. Gelen yorumlar hep olumluydu ve kendilerinin\u00a0film izler gibi hissettiklerini s\u00f6yleyenleri bile duyduk, mutlu olduk.<\/p>\n<p>Daha sonra Devrim Kunter\u2019in de projeye destek vermesi \u00fczerine uzun\u00a0bir s\u00fcre\u00e7 ya\u015fand\u0131; i\u015f yo\u011funlu\u011fu sebebiyle biraz uzun s\u00fcrse de, bu\u00a0s\u00fcre\u00e7 yak\u0131n zamanda sona ula\u015ft\u0131 ve Seyfettin Efendi ve Esrarengiz\u00a0Hik\u00e2yeleri isimli, Seyfettin efendinin \u00e7\u00f6zmek zorunda kald\u0131\u011f\u0131 \u00fc\u00e7\u00a0vakay\u0131 anlatan eser eri\u015filebilir h\u00e2le getirildi.<\/p>\n<p>Ayr\u0131ca bu s\u00fcre zarf\u0131nda ya\u015fanan tek geli\u015fme bu da de\u011fil! \u00dc\u00e7\u00fcnc\u00fc\u00a0\u00e7izgiroman\u0131 yar\u0131lad\u0131\u011f\u0131m\u0131z \u015fu g\u00fcnlerde bize ula\u015fabilece\u011finiz sosyal\u00a0medya hesaplar\u0131m\u0131z\u0131 da devreye soktuk. Twitter\u2019dan <strong>@ECizgiler<\/strong> hesab\u0131n\u0131\u00a0arat\u0131p ya da <strong><a href=\"https:\/\/www.facebook.com\/engelsizcizgiler\" target=\"_blank\" rel=\"nofollow noopener\">Facebook\u00a0sayfam\u0131z<\/a><\/strong>\u00a0 \u00fczerinden bize\u00a0rahatl\u0131kla ula\u015fabilirsiniz.<\/p>\n<p>Noktay\u0131 koymadan \u00f6nce belirtmek istedi\u011fimiz birka\u00e7 husus daha var:<\/p>\n<p>Bildi\u011finiz gibi bug\u00fcn 3\u00a0Aral\u0131k; yani <strong>D\u00fcnya Engelliler G\u00fcn\u00fc<\/strong>.\u00a0Engellili\u011fi anlamak, onlar\u0131 hat\u0131rlamak i\u00e7in. Ancak maalesef her sene\u00a0ayn\u0131 i\u00e7i bo\u015f laflar\u0131 duyuyoruz, \u201cHepimiz birer engelli aday\u0131y\u0131z,\u201d ya\u00a0da \u201cHer birimiz birer potansiyel engelliyiz,\u201d gibi. \u00d6ncelikle\u00a0belirtmemiz gerekir ki, kendilerine potansiyel engelli diyenler hari\u00e7\u00a0hi\u00e7 kimse potansiyel engelli de\u011fildir, herkesin bir hayal g\u00fcc\u00fc ve\u00a0ula\u015fmak istedi\u011fi hedefleri vard\u0131r. E\u011fer, bug\u00fcn\u00fc hakk\u0131yla ya\u015famak,\u00a0engellili\u011fi ve engellileri anlamak istiyorsak, ilk \u00f6nce bu i\u00e7i bo\u015f\u00a0laflar\u0131 bir kenara b\u0131rakmal\u0131 ve bir \u015feyler yapmak i\u00e7in harekete\u00a0ge\u00e7meliyiz. D\u00fcnyay\u0131 daha ya\u015fanabilir, daha eri\u015filebilir k\u0131lmak i\u00e7in\u00a0yap\u0131lan projelere destek vermeli ve toplumun engelli alg\u0131s\u0131n\u0131\u00a0de\u011fi\u015ftirmeye yo\u011funla\u015fmal\u0131y\u0131z. Rahat bir ortamda, anayasan\u0131n\u00a0gizlili\u011fini ihlal etmeden oy kullanmak, \u00e7izgi romanlar\u0131 rahat rahat\u00a0okumak, dizilere, filmlere, kitaplara ve sanat\u0131n her alan\u0131na eri\u015fmek\u00a0herkesin hakk\u0131d\u0131r. Bug\u00fcn hat\u0131rlamam\u0131z gereken \u015fey budur.<\/p>\n<p>Bu ama\u00e7la ba\u015flatt\u0131\u011f\u0131m\u0131z projenin ikinci say\u0131s\u0131na, <span style=\"font-size: 14pt;\"><strong><a href=\"https:\/\/engelsizcizgiler.wordpress.com\/2015\/12\/01\/seyfettin-efendi-ve-esrarengiz-hikayeleri\" target=\"_blank\" rel=\"nofollow noopener\">buraya<\/a><\/strong><\/span> t\u0131klayarak\u00a0ula\u015fabilirsiniz.<\/p>\n<p>Daha g\u00fczel ve eri\u015filebilir bir d\u00fcnya i\u00e7in yard\u0131mlar\u0131n\u0131z\u0131 bekliyoruz.<br \/>\n\u0130yi okumalar dileriz!<\/p><\/blockquote>\n<p>Arkada\u015flar\u0131m\u0131z\u0131n ellerine, zihinlerine, y\u00fcce g\u00f6n\u00fcllerine sa\u011fl\u0131k! E\u011fer bu g\u00fczel insanlarla birlikte \u00e7al\u0131\u015fmak ister, onlara yard\u0131mc\u0131 olmay\u0131 arzu ederseniz,\u00a0 <strong><a href=\"mailto:engelsizcizgiler@gmail.com\">engelsizcizgiler@gmail.com<\/a><\/strong>\u00a0adresinde bir mail uzakl\u0131\u011f\u0131nda sizleri bekliyorlar.<\/p>\n","protected":false},"excerpt":{"rendered":"<p>Bug\u00fcn 3 Aral\u0131k D\u00fcnya Engelliler G\u00fcn\u00fc. Bug\u00fcn, Kay\u0131p R\u0131ht\u0131m ekibinin g\u00f6rme engelli takip\u00e7ilerine bir arma\u011fan\u0131 var. G\u00f6rme engelli takip\u00e7imiz Cankut De\u011ferli \u00f6nderli\u011finde ba\u015flayan ve g\u00f6rme engelli okurlar\u0131 \u00e7izgi roman okumas\u0131na olanak sa\u011flayan Engelsiz \u00c7izgiler&#8216;de geldik 2. say\u0131ya! Daredevil &#8211; \u015eeytan\u0131n Eli ile ba\u015flayan macerada, bu defa Seyfettin Efendi&#8216;nin yarat\u0131c\u0131s\u0131 Devrim Kunter&#8216;den destek geldi! \u00c7al\u0131\u015fmalar ilk [&hellip;]<\/p>\n","protected":false},"author":55,"featured_media":51114,"comment_status":"open","ping_status":"closed","sticky":false,"template":"","format":"standard","meta":{"_acf_changed":false,"footnotes":""},"categories":[334,69],"tags":[5158,2351,1030,6493,6337,2600,8819],"class_list":{"0":"post-51055","1":"post","2":"type-post","3":"status-publish","4":"format-standard","5":"has-post-thumbnail","7":"category-cizgi-roman","8":"category-etkinlik","9":"tag-cankut-degerli","10":"tag-daredevil","11":"tag-devrim-kunter","12":"tag-engelsiz-cizgiler","13":"tag-gorme-engelli-takipciler-icin-cizgiroman","14":"tag-seyfettin-efendi","15":"tag-seytanin-eli"},"acf":[],"_links":{"self":[{"href":"https:\/\/www.kayiprihtim.org\/portal\/wp-json\/wp\/v2\/posts\/51055","targetHints":{"allow":["GET"]}}],"collection":[{"href":"https:\/\/www.kayiprihtim.org\/portal\/wp-json\/wp\/v2\/posts"}],"about":[{"href":"https:\/\/www.kayiprihtim.org\/portal\/wp-json\/wp\/v2\/types\/post"}],"author":[{"embeddable":true,"href":"https:\/\/www.kayiprihtim.org\/portal\/wp-json\/wp\/v2\/users\/55"}],"replies":[{"embeddable":true,"href":"https:\/\/www.kayiprihtim.org\/portal\/wp-json\/wp\/v2\/comments?post=51055"}],"version-history":[{"count":1,"href":"https:\/\/www.kayiprihtim.org\/portal\/wp-json\/wp\/v2\/posts\/51055\/revisions"}],"predecessor-version":[{"id":58845,"href":"https:\/\/www.kayiprihtim.org\/portal\/wp-json\/wp\/v2\/posts\/51055\/revisions\/58845"}],"wp:featuredmedia":[{"embeddable":true,"href":"https:\/\/www.kayiprihtim.org\/portal\/wp-json\/wp\/v2\/media\/51114"}],"wp:attachment":[{"href":"https:\/\/www.kayiprihtim.org\/portal\/wp-json\/wp\/v2\/media?parent=51055"}],"wp:term":[{"taxonomy":"category","embeddable":true,"href":"https:\/\/www.kayiprihtim.org\/portal\/wp-json\/wp\/v2\/categories?post=51055"},{"taxonomy":"post_tag","embeddable":true,"href":"https:\/\/www.kayiprihtim.org\/portal\/wp-json\/wp\/v2\/tags?post=51055"}],"curies":[{"name":"wp","href":"https:\/\/api.w.org\/{rel}","templated":true}]}}