{"id":51094,"date":"2015-12-03T21:02:47","date_gmt":"2015-12-03T19:02:47","guid":{"rendered":"http:\/\/www.kayiprihtim.org\/portal\/?p=51094"},"modified":"2015-12-03T21:02:47","modified_gmt":"2015-12-03T19:02:47","slug":"resat-nuri-guntekin-edebiyat-gunleri-yarin-basliyor","status":"publish","type":"post","link":"https:\/\/www.kayiprihtim.org\/portal\/2015\/12\/03\/resat-nuri-guntekin-edebiyat-gunleri-yarin-basliyor\/","title":{"rendered":"Re\u015fat Nuri G\u00fcntekin Edebiyat G\u00fcnleri Yar\u0131n Ba\u015fl\u0131yor!"},"content":{"rendered":"<p><img fetchpriority=\"high\" decoding=\"async\" class=\"aligncenter wp-image-51096\" src=\"https:\/\/www.kayiprihtim.org\/portal\/gorsel\/2015\/12\/resat-nuri-guntekin-edebiyat-gunleri-ust.jpg\" alt=\"resat-nuri-guntekin-edebiyat-gunleri-ust\" width=\"467\" height=\"254\" srcset=\"https:\/\/www.kayiprihtim.org\/portal\/gorsel\/2015\/12\/resat-nuri-guntekin-edebiyat-gunleri-ust.jpg 500w, https:\/\/www.kayiprihtim.org\/portal\/gorsel\/2015\/12\/resat-nuri-guntekin-edebiyat-gunleri-ust-300x163.jpg 300w\" sizes=\"(max-width: 467px) 100vw, 467px\" \/><\/p>\n<p><span style=\"font-size: 12pt;\"><strong>Edebiyat\u0131m\u0131z\u0131n \u00f6l\u00fcms\u00fcz yazarlar\u0131ndan <span style=\"color: #993300;\">Re\u015fat Nuri G\u00fcntekin<\/span> an\u0131s\u0131na, bir d\u00f6nem ya\u015fad\u0131\u011f\u0131 \u0130zmir&#8217;in <span style=\"color: #993300;\">Karaba\u011flar<\/span> il\u00e7esinde edebiyat g\u00fcnleri d\u00fczenleniyor!<\/strong><\/span><\/p>\n<p><strong>Karaba\u011flar Belediyesi<\/strong> taraf\u0131ndan d\u00fczenlenen ve t\u00fcm halk\u0131n davetli oldu\u011fu etkinlik <strong>4 ve 5 Aral\u0131k<\/strong> tarihlerinde ger\u00e7ekle\u015ftirilecek.<\/p>\n<p><em>Tuna Kiremit\u00e7i, Enver Aysever<\/em> gibi isimlerin yan\u0131 s\u0131ra <em>G\u00fcl\u015fah Elikbank, Do\u011fu Y\u00fccel, Kutlukhan Kutlu, Hakan B\u0131\u00e7akc\u0131<\/em> gibi yak\u0131ndan tan\u0131d\u0131\u011f\u0131m\u0131z isimleri de bar\u0131nd\u0131ran\u00a0etkinlik program\u0131 \u015f\u00f6yle:<\/p>\n<p><span style=\"font-size: 12pt;\"><strong>04 Aral\u0131k 2015 Cuma<\/strong><\/span><\/p>\n<ul>\n<li>Saat: 11.00<br \/>\nA\u00e7\u0131l\u0131\u015f Konu\u015fmalar\u0131:<br \/>\nMuhittin SELV\u0130TOPU \u2013 Karaba\u011flar Belediye Ba\u015fkan\u0131<br \/>\nTuna K\u0130REM\u0130T\u00c7\u0130 &#8211; Yazar<br \/>\nYer: Re\u015fat Nuri G\u00fcntekin \u00c7ocuk Kitapl\u0131\u011f\u0131<\/li>\n<li>Saat: 11.30 &#8211; 12.30<br \/>\nS\u00f6yle\u015fi: \u201cG\u00f6rkem Yeltan ve \u00c7ocuklar\u201d<br \/>\nKat\u0131l\u0131mc\u0131lar: G\u00f6rkem YELTAN<br \/>\nYer: Re\u015fat Nuri G\u00fcntekin \u00c7ocuk Kitapl\u0131\u011f\u0131<\/li>\n<li>Saat: 14.00 &#8211; 15.00<br \/>\nPanel: \u201cRe\u015fat Nuri&#8217;den G\u00fcn\u00fcm\u00fcze Fantazya\u201d<br \/>\nY\u00f6neten: G\u00fcl\u015fah EL\u0130KBANK<br \/>\nPanelistler: Do\u011fu Y\u00dcCEL, Hakan BI\u00c7AKCI, Kutlukhan KUTLU<br \/>\nYer: Karaba\u011flar \u0130n\u00f6n\u00fc Anadolu Lisesi Konferans Salonu<\/li>\n<li>Saat: 16.00-17.00<br \/>\nPanel:\u201cRomanlardan Sahneye\u201d<br \/>\nY\u00f6neten: Hakan URGANCI<br \/>\nPanelistler: Tuna K\u0130REM\u0130T\u00c7\u0130, Enver AYSEVER<br \/>\nYer: \u0130zmir \u00dcniversitesi Konferans Salonu<\/li>\n<\/ul>\n<p><span style=\"font-size: 12pt;\"><strong>05 Aral\u0131k 2015 Cumartesi<\/strong><\/span><\/p>\n<ul>\n<li>Saat: 14.00 &#8211; 15.00<br \/>\nPanel: \u201cYazar m\u0131? Eser mi? \u00c7al\u0131ku\u015fu mu? Re\u015fat Nuri mi?\u201d<br \/>\nY\u00f6neten: G\u00fcl\u015fah EL\u0130KBANK<br \/>\nPanelistler: Onur BEHRAMO\u011eLU, Tuna K\u0130REM\u0130T\u00c7\u0130<br \/>\nYer: Karaba\u011flar Cumhuriyet Mesleki Teknik ve Anadolu Lisesi<\/li>\n<li>Saat: 16.00-17.00<br \/>\nPanel:\u201cG\u00fcn\u00fcm\u00fcz Edebiyat\u0131n\u0131n Sorunlar\u0131\u201d<br \/>\nPanelistler: Onur CAYMAZ, Enver AYSEVER<br \/>\nY\u00f6neten: Birsen FERAHLI<br \/>\nYer: Karaba\u011flar Cumhuriyet Mesleki Teknik ve Anadolu Lisesi<\/li>\n<\/ul>\n<p>6. defa d\u00fczenlenen ve\u00a0Re\u015fat Nuri G\u00fcntekin\u2019in ad\u0131n\u0131 Karaba\u011flar&#8217;da ya\u015fatmak ve bu yolla il\u00e7enin ad\u0131n\u0131 ulusal ve uluslararas\u0131 platformlara ta\u015f\u0131yarak, kenti bir k\u00fclt\u00fcr ve sanat merkezi haline getirmeyi ama\u00e7layan Karaba\u011flar Belediyesi&#8217;ne bu harika etkinlik i\u00e7in te\u015fekk\u00fcr ediyoruz.<\/p>\n<p>Her \u015fey il\u00e7elerin\/\u015fehirlerin \u00e7\u0131kard\u0131klar\u0131 yazarlara sahip \u00e7\u0131kmas\u0131yla ba\u015flayacak.<\/p>\n<p><a href=\"https:\/\/www.kayiprihtim.org\/portal\/gorsel\/2015\/12\/resat-nuri-guntekin-edebiyat-gunleri.jpg\"><img decoding=\"async\" class=\"aligncenter wp-image-51095 \" src=\"https:\/\/www.kayiprihtim.org\/portal\/gorsel\/2015\/12\/resat-nuri-guntekin-edebiyat-gunleri-293x300.jpg\" alt=\"resat-nuri-guntekin-edebiyat-gunleri\" width=\"313\" height=\"319\" srcset=\"https:\/\/www.kayiprihtim.org\/portal\/gorsel\/2015\/12\/resat-nuri-guntekin-edebiyat-gunleri-293x300.jpg 293w, https:\/\/www.kayiprihtim.org\/portal\/gorsel\/2015\/12\/resat-nuri-guntekin-edebiyat-gunleri.jpg 775w\" sizes=\"(max-width: 313px) 100vw, 313px\" \/><\/a><\/p>\n","protected":false},"excerpt":{"rendered":"<p>Edebiyat\u0131m\u0131z\u0131n \u00f6l\u00fcms\u00fcz yazarlar\u0131ndan Re\u015fat Nuri G\u00fcntekin an\u0131s\u0131na, bir d\u00f6nem ya\u015fad\u0131\u011f\u0131 \u0130zmir&#8217;in Karaba\u011flar il\u00e7esinde edebiyat g\u00fcnleri d\u00fczenleniyor! Karaba\u011flar Belediyesi taraf\u0131ndan d\u00fczenlenen ve t\u00fcm halk\u0131n davetli oldu\u011fu etkinlik 4 ve 5 Aral\u0131k tarihlerinde ger\u00e7ekle\u015ftirilecek. Tuna Kiremit\u00e7i, Enver Aysever gibi isimlerin yan\u0131 s\u0131ra G\u00fcl\u015fah Elikbank, Do\u011fu Y\u00fccel, Kutlukhan Kutlu, Hakan B\u0131\u00e7akc\u0131 gibi yak\u0131ndan tan\u0131d\u0131\u011f\u0131m\u0131z isimleri de bar\u0131nd\u0131ran\u00a0etkinlik program\u0131 [&hellip;]<\/p>\n","protected":false},"author":10,"featured_media":51096,"comment_status":"open","ping_status":"closed","sticky":false,"template":"","format":"standard","meta":{"_acf_changed":false,"footnotes":""},"categories":[69],"tags":[700,3789,750,547,8827,45,6310,6309,8826,6277],"class_list":{"0":"post-51094","1":"post","2":"type-post","3":"status-publish","4":"format-standard","5":"has-post-thumbnail","7":"category-etkinlik","8":"tag-dogu-yucel","9":"tag-enver-aysever","10":"tag-gulsah-elikbank","11":"tag-hakan-bicakci","12":"tag-karabaglar-belediyesi","13":"tag-kutlukhan-kutlu","14":"tag-onur-behramoglu","15":"tag-onur-caymaz","16":"tag-resat-nuri-guntekin","17":"tag-tuna-kiremitci","18":"kose_yazari-onur-selamet-arsivi"},"acf":[],"_links":{"self":[{"href":"https:\/\/www.kayiprihtim.org\/portal\/wp-json\/wp\/v2\/posts\/51094","targetHints":{"allow":["GET"]}}],"collection":[{"href":"https:\/\/www.kayiprihtim.org\/portal\/wp-json\/wp\/v2\/posts"}],"about":[{"href":"https:\/\/www.kayiprihtim.org\/portal\/wp-json\/wp\/v2\/types\/post"}],"author":[{"embeddable":true,"href":"https:\/\/www.kayiprihtim.org\/portal\/wp-json\/wp\/v2\/users\/10"}],"replies":[{"embeddable":true,"href":"https:\/\/www.kayiprihtim.org\/portal\/wp-json\/wp\/v2\/comments?post=51094"}],"version-history":[{"count":0,"href":"https:\/\/www.kayiprihtim.org\/portal\/wp-json\/wp\/v2\/posts\/51094\/revisions"}],"wp:featuredmedia":[{"embeddable":true,"href":"https:\/\/www.kayiprihtim.org\/portal\/wp-json\/wp\/v2\/media\/51096"}],"wp:attachment":[{"href":"https:\/\/www.kayiprihtim.org\/portal\/wp-json\/wp\/v2\/media?parent=51094"}],"wp:term":[{"taxonomy":"category","embeddable":true,"href":"https:\/\/www.kayiprihtim.org\/portal\/wp-json\/wp\/v2\/categories?post=51094"},{"taxonomy":"post_tag","embeddable":true,"href":"https:\/\/www.kayiprihtim.org\/portal\/wp-json\/wp\/v2\/tags?post=51094"}],"curies":[{"name":"wp","href":"https:\/\/api.w.org\/{rel}","templated":true}]}}