{"id":51306,"date":"2015-12-11T08:04:51","date_gmt":"2015-12-11T06:04:51","guid":{"rendered":"http:\/\/www.kayiprihtim.org\/portal\/?p=51306"},"modified":"2015-12-12T00:01:50","modified_gmt":"2015-12-11T22:01:50","slug":"kara-kule-filminde-roland-karakterini-idris-elba-canlandirabilir","status":"publish","type":"post","link":"https:\/\/www.kayiprihtim.org\/portal\/2015\/12\/11\/kara-kule-filminde-roland-karakterini-idris-elba-canlandirabilir\/","title":{"rendered":"Kara Kule Filminde Roland Karakterini Idris Elba Canland\u0131rabilir"},"content":{"rendered":"<p style=\"text-align: center;\"><img fetchpriority=\"high\" decoding=\"async\" class=\"aligncenter size-full wp-image-51307\" src=\"https:\/\/www.kayiprihtim.org\/portal\/gorsel\/2015\/12\/idris-elba-roland.jpg\" alt=\"idris elba roland\" width=\"467\" height=\"262\" srcset=\"https:\/\/www.kayiprihtim.org\/portal\/gorsel\/2015\/12\/idris-elba-roland.jpg 500w, https:\/\/www.kayiprihtim.org\/portal\/gorsel\/2015\/12\/idris-elba-roland-300x169.jpg 300w\" sizes=\"(max-width: 467px) 100vw, 467px\" \/><\/p>\n<p><span style=\"font-size: 12pt;\"><b><i>Stephen King<\/i>\u2019in \u00fcnl\u00fc serisi <span style=\"color: #993300;\">Kara Kule<\/span>\u2019nin sinema uyarlamas\u0131nda, <span style=\"color: #993300;\">Roland<\/span> karakterini canland\u0131racak isimler aras\u0131nda Idris Elba&#8217;n\u0131n \u00f6ne \u00e7\u0131kt\u0131\u011f\u0131 s\u00f6ylentileri dola\u015f\u0131yor!<\/b><\/span><\/p>\n<p><b>Sony Pictures<\/b>\u2019\u0131n beyazperdeye uyarlayaca\u011f\u0131, <b>Stephen King<\/b>\u2019in k\u00fclt serisi <span style=\"font-size: 12pt; color: #993300;\"><b>Kara Kule<\/b><\/span> cephesinde sular durulmak bilmiyor! Bildi\u011finiz gibi ge\u00e7ti\u011fimiz aylarda kitab\u0131n efsanevi, (neredeyse) \u00f6l\u00fcms\u00fcz ve birden fazla King roman\u0131nda beliren k\u00f6t\u00fc karakteri <i>Siyahl\u0131 Adam<\/i>\u2019\u0131 yani <i>Randall Flagg<\/i>\u2019i canland\u0131rmas\u0131 i\u00e7in <b><i>Matthew McConaughey<\/i><\/b>\u2019e teklif g\u00f6t\u00fcr\u00fcld\u00fc\u011f\u00fcn\u00fc sizlere <a href=\"https:\/\/www.kayiprihtim.org\/portal\/2015\/11\/19\/kara-kulede-matthew-mcconaughey-sesleri\/\" target=\"_blank\"><b>aktarm\u0131\u015ft\u0131k<\/b><\/a>.<\/p>\n<p>\u00c7\u0131kan son haberler ise serinin hayranlar\u0131n\u0131 \u015fa\u015f\u0131rtan\u00a0cinsten. \u00c7\u00fcnk\u00fc <strong><em><a href=\"http:\/\/deadline.com\/2015\/12\/idris-elba-the-dark-tower-stephen-king-matthew-mcconaughey-1201663530\/\" rel=\"nofollow noopener\" target=\"_blank\">Deadline<\/a><\/em><\/strong>\u2019\u0131n yapt\u0131\u011f\u0131 habere g\u00f6re, serinin ana kahraman\u0131n\u0131, yani <b>\u015eilah\u015f\u00f6r Roland<\/b>\u2019\u0131 beyazperdede canland\u0131rma yar\u0131\u015f\u0131nda ba\u015f\u0131, <i>Thor<\/i>, <i>Avengers<\/i>\u00a0ve <i>Pasifik Sava\u015f\u0131<\/i> gibi yap\u0131mlardan tan\u0131d\u0131\u011f\u0131m\u0131z <b>Idris Elba<\/b> \u00e7ekmekteymi\u015f. Tam da ortal\u0131kta <b>Elba<\/b>\u2019n\u0131n yeni <i>James Bond<\/i> olabilece\u011fi s\u00f6ylentileri dola\u015f\u0131rken bu haberin g\u00fcndeme bomba gibi d\u00fc\u015ft\u00fc\u011f\u00fcn\u00fc s\u00f6ylemek abart\u0131l\u0131 olmaz. <b>Roland<\/b>, nazik ve hovarda bir ajan olmasa da, kendi evreninin Exacalibur\u2019u say\u0131labilecek bir \u00e7ift tabanca ta\u015f\u0131yan, ha\u015fin ve karizmatik bir kovboy oldu\u011fundan serinin hayranlar\u0131 \u015fimdiden <b>Elba<\/b>\u2019y\u0131 bu rolde nas\u0131l duraca\u011f\u0131n\u0131 tart\u0131\u015fmaya\u00a0ba\u015flad\u0131 bile.<\/p>\n<p>H\u00e2l\u00e2\u00a0<b><a href=\"https:\/\/www.kayiprihtim.org\/portal\/seri\/kara-kule-serisi\/\">Kara Kule Serisi<\/a><\/b>\u2019ni okumam\u0131\u015f olanlar i\u00e7in \u00f6zet ge\u00e7memiz gerekirse, <b>Roland<\/b>\u2019\u0131 kendi evreninde, <i>Y\u00fcz\u00fcklerin Efendisi Serisi<\/i>\u2019nin ba\u015f kahraman\u0131 Frodo\u2019nun, <i>Clint Estwood <\/i>taraf\u0131ndan canland\u0131r\u0131lan belal\u0131 bir versiyonu olarak d\u00fc\u015f\u00fcnebilirsiniz. Fakat <b>Roland<\/b>\u2019\u0131n m\u00fccadelesi, bir y\u00fcz\u00fck, orklar, goblinler ve elfler yerine, t\u00fcm ger\u00e7ekli\u011fin k\u00f6t\u00fc bir b\u00fcy\u00fcc\u00fc taraf\u0131ndan yok edilmesini engellemek i\u00e7in mutantlar ve intihara meyilli trenlerle ba\u015fa \u00e7\u0131kmak zorunda kalmas\u0131yla \u015fekilleniyor.<\/p>\n<p><i>Frodo<\/i> kendi serisinde ne kadar \u00f6nemliyse, <b>Roland\u00a0<\/b>da <b>Kara Kule Serisi<\/b>\u2019nde o kadar \u00f6nem arz etti\u011fi i\u00e7in, onu canland\u0131racak akt\u00f6r\u00fcn bu \u00e7elik gibi karakteri yans\u0131t\u0131rken \u00e7ekicili\u011fini de koruyabilecek bir oyuncu olmas\u0131 gerekiyor. Bu \u00f6nemli rol\u00fc <b>Elba<\/b>\u2019n\u0131n canland\u0131rmas\u0131n\u0131n isabetli bir karar olup olmad\u0131\u011f\u0131n\u0131 ve <i>McConaughey<\/i>\u2019le nas\u0131l bir ikili olacaklar\u0131n\u0131 ilerleyen g\u00fcnlerde g\u00f6rece\u011fiz.<\/p>\n<p>Uzun zamand\u0131r g\u00fcndemde olan ve <b>Nikolaj Arcel<\/b> taraf\u0131ndan y\u00f6netilmesi planlanan filmin \u00e7\u0131k\u0131\u015f tarihi ise <b>13 Ocak 2017<\/b> olarak \u00f6ng\u00f6r\u00fcl\u00fcyor. Umar\u0131z ge\u00e7mi\u015fte y\u0131lan hik\u00e2yesine d\u00f6nm\u00fc\u015f olan bu proje, sorunsuz bir \u015fekilde tamamlan\u0131r ve <i>Stephen King<\/i> hayranlar\u0131n\u0131n y\u00fcz\u00fc g\u00fclmeye devam eder.<\/p>\n","protected":false},"excerpt":{"rendered":"<p>Stephen King\u2019in \u00fcnl\u00fc serisi Kara Kule\u2019nin sinema uyarlamas\u0131nda, Roland karakterini canland\u0131racak isimler aras\u0131nda Idris Elba&#8217;n\u0131n \u00f6ne \u00e7\u0131kt\u0131\u011f\u0131 s\u00f6ylentileri dola\u015f\u0131yor! Sony Pictures\u2019\u0131n beyazperdeye uyarlayaca\u011f\u0131, Stephen King\u2019in k\u00fclt serisi Kara Kule cephesinde sular durulmak bilmiyor! Bildi\u011finiz gibi ge\u00e7ti\u011fimiz aylarda kitab\u0131n efsanevi, (neredeyse) \u00f6l\u00fcms\u00fcz ve birden fazla King roman\u0131nda beliren k\u00f6t\u00fc karakteri Siyahl\u0131 Adam\u2019\u0131 yani Randall Flagg\u2019i canland\u0131rmas\u0131 [&hellip;]<\/p>\n","protected":false},"author":1,"featured_media":51307,"comment_status":"open","ping_status":"closed","sticky":false,"template":"","format":"standard","meta":{"_acf_changed":false,"footnotes":""},"categories":[36],"tags":[1526,2891,2693,6647,421,2798,5284,8942,8567,8941,532,4691,242,2303],"class_list":{"0":"post-51306","1":"post","2":"type-post","3":"status-publish","4":"format-standard","5":"has-post-thumbnail","7":"category-fantastik-perde","8":"tag-avengers","9":"tag-deadline","10":"tag-film","11":"tag-idris-elba","12":"tag-kara-kule","13":"tag-matthew-mcconaughey","14":"tag-nikolaj-arcel","15":"tag-pasifik-savasi","16":"tag-randall-flagg","17":"tag-roland","18":"tag-sinema","19":"tag-sony-pictures","20":"tag-stephen-king","21":"tag-thor","22":"kose_yazari-beyza-tasdelen-black-helen"},"acf":[],"_links":{"self":[{"href":"https:\/\/www.kayiprihtim.org\/portal\/wp-json\/wp\/v2\/posts\/51306","targetHints":{"allow":["GET"]}}],"collection":[{"href":"https:\/\/www.kayiprihtim.org\/portal\/wp-json\/wp\/v2\/posts"}],"about":[{"href":"https:\/\/www.kayiprihtim.org\/portal\/wp-json\/wp\/v2\/types\/post"}],"author":[{"embeddable":true,"href":"https:\/\/www.kayiprihtim.org\/portal\/wp-json\/wp\/v2\/users\/1"}],"replies":[{"embeddable":true,"href":"https:\/\/www.kayiprihtim.org\/portal\/wp-json\/wp\/v2\/comments?post=51306"}],"version-history":[{"count":0,"href":"https:\/\/www.kayiprihtim.org\/portal\/wp-json\/wp\/v2\/posts\/51306\/revisions"}],"wp:featuredmedia":[{"embeddable":true,"href":"https:\/\/www.kayiprihtim.org\/portal\/wp-json\/wp\/v2\/media\/51307"}],"wp:attachment":[{"href":"https:\/\/www.kayiprihtim.org\/portal\/wp-json\/wp\/v2\/media?parent=51306"}],"wp:term":[{"taxonomy":"category","embeddable":true,"href":"https:\/\/www.kayiprihtim.org\/portal\/wp-json\/wp\/v2\/categories?post=51306"},{"taxonomy":"post_tag","embeddable":true,"href":"https:\/\/www.kayiprihtim.org\/portal\/wp-json\/wp\/v2\/tags?post=51306"}],"curies":[{"name":"wp","href":"https:\/\/api.w.org\/{rel}","templated":true}]}}