{"id":5137,"date":"2010-09-24T17:32:36","date_gmt":"2010-09-24T14:32:36","guid":{"rendered":"http:\/\/www.kayiprihtim.org\/portal\/?p=5137"},"modified":"2013-04-01T20:19:52","modified_gmt":"2013-04-01T17:19:52","slug":"okuyucular-merak-ediyor-kayip-rihtim-soruyor","status":"publish","type":"post","link":"https:\/\/www.kayiprihtim.org\/portal\/2010\/09\/24\/okuyucular-merak-ediyor-kayip-rihtim-soruyor\/","title":{"rendered":"Okuyucular merak ediyor, Kay\u0131p R\u0131ht\u0131m soruyor!"},"content":{"rendered":"<p><img fetchpriority=\"high\" decoding=\"async\" class=\"aligncenter\" style=\"border: 0pt none;\" alt=\"\" src=\"https:\/\/www.kayiprihtim.org\/portal\/gorsel\/fantastik-yayinevleri.jpg\" width=\"490\" height=\"169\" border=\"0\"><br \/>\nYay\u0131nevlerine soru sormak ister miydiniz? Merak etti\u011finiz sorular\u0131n cevab\u0131n\u0131 almak?<\/p>\n<p><strong>Kay\u0131p R\u0131ht\u0131m <\/strong>sizlere, yay\u0131nevlerinden olumlu ya da olumsuz \u015fekilde de olsa kesin cevaplar alma f\u0131rsat\u0131 sunuyor!<\/p>\n<p><em>30 Ekim<\/em> ve <em>7 Kas\u0131m 2010<\/em> tarihleri aras\u0131nda ger\u00e7ekle\u015ftirilecek olan <strong>29. \u0130stanbul Kitap Fuar\u0131<\/strong>&#8216;na kat\u0131lacak olan <em>Kay\u0131p R\u0131ht\u0131m<\/em> ekibi, okuyucular\u0131n merak ettikleri sorular\u0131 yay\u0131nevlerine soruyor! Birebir yap\u0131lacak g\u00f6r\u00fc\u015fmelerde, R\u0131ht\u0131m&#8217;\u0131n belirledi\u011fi sorular haricinde okuyuculardan gelen sorular da yetkililere y\u00f6neltilecek ve cevaplar\u0131 al\u0131nd\u0131ktan sonra yine \u00f6zel bir ba\u015fl\u0131kta okuyuculara duyurulacak!<\/p>\n<p>Gerek mail olarak, gerek telefonla gerekse kitap\u00e7\u0131larda arad\u0131klar\u0131 sorular\u0131n cevab\u0131n\u0131 bulamayan okuyucular\u0131n yan\u0131 s\u0131ra; soru sormak istiyen, bir yandan da bundan \u00e7ekinen okuyucular i\u00e7inde ka\u00e7\u0131r\u0131lmayacak bir f\u0131rsat.<\/p>\n<p>Siz sadece merak ediyorsunuz, yaz\u0131yorsunuz ve <em>Kay\u0131p R\u0131ht\u0131m<\/em> soruyu birebir yetkililere iletiyor. Bu sadece kitaplar i\u00e7in de\u011fil, akl\u0131n\u0131za gelebilecek her t\u00fcrl\u00fc g\u00f6r\u00fc\u015f, \u015fikayet, istek ve ele\u015ftiri i\u00e7inde olabilir.<\/p>\n<p>Sizlerden iste\u011fimiz, sorular\u0131 sorarken oturdu\u011funuz \u015fehir ismini de belirtmeniz. Ayr\u0131ca isteyen \u00fcyelerimiz isim ve ya\u015f\u0131n\u0131 da yazabilir. Sorular yetkili ki\u015filere iletilirken bu bilgiler de yine istekleri do\u011frultusunda belirtilecektir.<\/p>\n<p>Pek tabii soraca\u011f\u0131n\u0131z sorular\u0131n t\u00fcr\u00fcm\u00fcz \u00e7er\u00e7evesinde (<em>fantastik, bilimkurgu, korku, \u00e7izgi roman vb.<\/em>) olmas\u0131 gerekti\u011fini hat\u0131rlatm\u0131\u015f olal\u0131m.<\/p>\n<p>Sorular\u0131n\u0131z\u0131 bu haberimize yorum olarak ya da <span style=\"color: #800000;\"><strong>kayiprihtim@gmail.com<\/strong><\/span> adresine mail yoluyla g\u00f6nderebilirsiniz.<\/p>\n<p>Siz merak edin, Kay\u0131p R\u0131ht\u0131m sorsun!<\/p>\n","protected":false},"excerpt":{"rendered":"<p>Yay\u0131nevlerine soru sormak ister miydiniz? Merak etti\u011finiz sorular\u0131n cevab\u0131n\u0131 almak? Kay\u0131p R\u0131ht\u0131m sizlere, yay\u0131nevlerinden olumlu ya da olumsuz \u015fekilde de olsa kesin cevaplar alma f\u0131rsat\u0131 sunuyor! 30 Ekim ve 7 Kas\u0131m 2010 tarihleri aras\u0131nda ger\u00e7ekle\u015ftirilecek olan 29. \u0130stanbul Kitap Fuar\u0131&#8216;na kat\u0131lacak olan Kay\u0131p R\u0131ht\u0131m ekibi, okuyucular\u0131n merak ettikleri sorular\u0131 yay\u0131nevlerine soruyor! Birebir yap\u0131lacak g\u00f6r\u00fc\u015fmelerde, R\u0131ht\u0131m&#8217;\u0131n [&hellip;]<\/p>\n","protected":false},"author":1,"featured_media":0,"comment_status":"open","ping_status":"closed","sticky":false,"template":"","format":"standard","meta":{"_acf_changed":false,"footnotes":""},"categories":[69,6],"tags":[],"class_list":{"0":"post-5137","1":"post","2":"type-post","3":"status-publish","4":"format-standard","6":"category-etkinlik","7":"category-kayip-rihtim"},"acf":[],"_links":{"self":[{"href":"https:\/\/www.kayiprihtim.org\/portal\/wp-json\/wp\/v2\/posts\/5137","targetHints":{"allow":["GET"]}}],"collection":[{"href":"https:\/\/www.kayiprihtim.org\/portal\/wp-json\/wp\/v2\/posts"}],"about":[{"href":"https:\/\/www.kayiprihtim.org\/portal\/wp-json\/wp\/v2\/types\/post"}],"author":[{"embeddable":true,"href":"https:\/\/www.kayiprihtim.org\/portal\/wp-json\/wp\/v2\/users\/1"}],"replies":[{"embeddable":true,"href":"https:\/\/www.kayiprihtim.org\/portal\/wp-json\/wp\/v2\/comments?post=5137"}],"version-history":[{"count":0,"href":"https:\/\/www.kayiprihtim.org\/portal\/wp-json\/wp\/v2\/posts\/5137\/revisions"}],"wp:attachment":[{"href":"https:\/\/www.kayiprihtim.org\/portal\/wp-json\/wp\/v2\/media?parent=5137"}],"wp:term":[{"taxonomy":"category","embeddable":true,"href":"https:\/\/www.kayiprihtim.org\/portal\/wp-json\/wp\/v2\/categories?post=5137"},{"taxonomy":"post_tag","embeddable":true,"href":"https:\/\/www.kayiprihtim.org\/portal\/wp-json\/wp\/v2\/tags?post=5137"}],"curies":[{"name":"wp","href":"https:\/\/api.w.org\/{rel}","templated":true}]}}