{"id":51548,"date":"2015-12-21T17:30:43","date_gmt":"2015-12-21T15:30:43","guid":{"rendered":"http:\/\/www.kayiprihtim.org\/portal\/?p=51548"},"modified":"2015-12-21T17:30:43","modified_gmt":"2015-12-21T15:30:43","slug":"w-g-sebalddan-4-korku-oykusu","status":"publish","type":"post","link":"https:\/\/www.kayiprihtim.org\/portal\/2015\/12\/21\/w-g-sebalddan-4-korku-oykusu\/","title":{"rendered":"W.G. Sebald&#8217;dan 4 Korku \u00d6yk\u00fcs\u00fc: &#8220;Vertigo&#8221;"},"content":{"rendered":"<p><img fetchpriority=\"high\" decoding=\"async\" class=\"aligncenter wp-image-51550\" src=\"https:\/\/www.kayiprihtim.org\/portal\/gorsel\/2015\/12\/vertigo-ust.jpg\" alt=\"vertigo-ust\" width=\"467\" height=\"246\" srcset=\"https:\/\/www.kayiprihtim.org\/portal\/gorsel\/2015\/12\/vertigo-ust.jpg 500w, https:\/\/www.kayiprihtim.org\/portal\/gorsel\/2015\/12\/vertigo-ust-300x158.jpg 300w\" sizes=\"(max-width: 467px) 100vw, 467px\" \/><\/p>\n<p><span style=\"font-size: 12pt;\"><strong><span style=\"color: #993300;\">W. G. Sebald<\/span>\u2019\u0131n 1990\u2019da yay\u0131nlad\u0131\u011f\u0131 <span style=\"color: #993300;\">Vertigo<\/span> adl\u0131 \u00f6yk\u00fc kitab\u0131 <em>Can Yay\u0131nlar\u0131<\/em> etiketiyle raflardaki yerini ald\u0131.<\/strong><\/span><\/p>\n<p style=\"text-align: justify;\">1944 do\u011fumlu <strong>Winfried Georg Sebald<\/strong>\u2019\u0131n ilk i\u015flerinden olan <span style=\"font-size: 12pt; color: #993300;\"><strong>Vertigo<\/strong><\/span>\u2019da birbiriyle i\u00e7 i\u00e7e ge\u00e7mi\u015f <strong>4 korku \u00f6yk\u00fcs\u00fc<\/strong> var.\u00a0Stendhal\u2019i, Kafka\u2019y\u0131 ve bizzat Sebald\u2019i k\u0131sk\u0131vrak yakalayan yo\u011fun bir i\u00e7sel ya\u015fant\u0131dan, melankolik bir duygu durumunu i\u00e7eren kitab\u0131n b\u00fcltenine bir g\u00f6z atal\u0131m:<\/p>\n<blockquote><p>Ger\u00e7ekli\u011fe dair alg\u0131 bir kez bozulup da denge kaybolunca, hat\u0131rda kalanlar ile asl\u0131nda olanlar aras\u0131nda a\u00e7\u0131lan o tehditk\u00e2r yar\u0131kta anlat\u0131c\u0131n\u0131n kap\u0131ld\u0131\u011f\u0131 ba\u015f d\u00f6nmesini okurun bilincine ta\u015f\u0131yorlar.<\/p>\n<p>\u201cBu g\u00fcmb\u00fcrt\u00fcden, arkam\u0131zdan gelecek hayat olu\u015fuyordu \u015fu anda ve arkam\u0131zdan gelen bu hayat bizi yava\u015f yava\u015f yok edecekti, t\u0131pk\u0131 bizim, bizden \u00e7ok \u00f6nce var olan\u0131 yava\u015f yava\u015f yok etti\u011fimiz gibi.\u201d<\/p><\/blockquote>\n<p style=\"text-align: justify;\"><img decoding=\"async\" class=\"alignright size-medium wp-image-51549\" src=\"https:\/\/www.kayiprihtim.org\/portal\/gorsel\/2015\/12\/vertigo-193x300.jpg\" alt=\"vertigo\" width=\"193\" height=\"300\" srcset=\"https:\/\/www.kayiprihtim.org\/portal\/gorsel\/2015\/12\/vertigo-193x300.jpg 193w, https:\/\/www.kayiprihtim.org\/portal\/gorsel\/2015\/12\/vertigo-658x1024.jpg 658w, https:\/\/www.kayiprihtim.org\/portal\/gorsel\/2015\/12\/vertigo.jpg 960w\" sizes=\"(max-width: 193px) 100vw, 193px\" \/>Daha \u00f6nce\u00a0<em>Austerlitz, Sat\u00fcrn Halkalar\u0131, G\u00f6\u00e7menler<\/em> gibi kitaplar\u0131yla tan\u0131d\u0131\u011f\u0131m\u0131z\u00a0<strong>W.G. Sebald<\/strong>\u2019\u0131n <em>Vertigo<\/em>\u2019sunu art\u0131k T\u00fcrk\u00e7e okuyabilece\u011fiz. 224 sayfal\u0131k eseri\u00a0<strong>Hulki Demirel<\/strong> \u00e7evirdi.\u00a0Sebald,\u00a0<em>Los Angeles Times Book \u00d6d\u00fcl\u00fc,\u00a0Berlin Edebiyat\u00a0\u00d6d\u00fcl\u00fc, Heinrich B\u00f6ll \u00d6d\u00fcl\u00fc, M\u00f6rike \u00d6d\u00fcl\u00fc<\/em> ve <em>Heine \u00d6d\u00fcl\u00fc<\/em> gibi pek \u00e7ok de\u011ferli \u00f6d\u00fcl\u00fcn de sahibi.<\/p>\n<p><span style=\"font-size: 12pt; color: #993300;\"><strong><a href=\"https:\/\/www.kayiprihtim.org\/portal\/yayinevi\/can-yayinlari\/\" target=\"_blank\">Can Yay\u0131nlar\u0131<\/a><\/strong><\/span>\u2019na\u00a0<em>W.G. Sebald<\/em>\u2019\u0131n k\u00fclliyat\u0131n\u0131 tamamlama konusundaki \u00f6zverilerinden \u00f6t\u00fcr\u00fc te\u015fekk\u00fcr ediyoruz!<\/p>\n","protected":false},"excerpt":{"rendered":"<p>W. G. Sebald\u2019\u0131n 1990\u2019da yay\u0131nlad\u0131\u011f\u0131 Vertigo adl\u0131 \u00f6yk\u00fc kitab\u0131 Can Yay\u0131nlar\u0131 etiketiyle raflardaki yerini ald\u0131. 1944 do\u011fumlu Winfried Georg Sebald\u2019\u0131n ilk i\u015flerinden olan Vertigo\u2019da birbiriyle i\u00e7 i\u00e7e ge\u00e7mi\u015f 4 korku \u00f6yk\u00fcs\u00fc var.\u00a0Stendhal\u2019i, Kafka\u2019y\u0131 ve bizzat Sebald\u2019i k\u0131sk\u0131vrak yakalayan yo\u011fun bir i\u00e7sel ya\u015fant\u0131dan, melankolik bir duygu durumunu i\u00e7eren kitab\u0131n b\u00fcltenine bir g\u00f6z atal\u0131m: Ger\u00e7ekli\u011fe dair alg\u0131 [&hellip;]<\/p>\n","protected":false},"author":10,"featured_media":51550,"comment_status":"open","ping_status":"closed","sticky":false,"template":"","format":"standard","meta":{"_acf_changed":false,"footnotes":""},"categories":[325],"tags":[8994,457,8996,8993,8995,2666,8992],"class_list":{"0":"post-51548","1":"post","2":"type-post","3":"status-publish","4":"format-standard","5":"has-post-thumbnail","7":"category-korkugerilim","8":"tag-austerlitz","9":"tag-can-yayinlari","10":"tag-gocmenler","11":"tag-hulki-demirel","12":"tag-saturn-halkalari","13":"tag-vertigo","14":"tag-w-g-sebald","15":"kose_yazari-onur-selamet-arsivi"},"acf":[],"_links":{"self":[{"href":"https:\/\/www.kayiprihtim.org\/portal\/wp-json\/wp\/v2\/posts\/51548","targetHints":{"allow":["GET"]}}],"collection":[{"href":"https:\/\/www.kayiprihtim.org\/portal\/wp-json\/wp\/v2\/posts"}],"about":[{"href":"https:\/\/www.kayiprihtim.org\/portal\/wp-json\/wp\/v2\/types\/post"}],"author":[{"embeddable":true,"href":"https:\/\/www.kayiprihtim.org\/portal\/wp-json\/wp\/v2\/users\/10"}],"replies":[{"embeddable":true,"href":"https:\/\/www.kayiprihtim.org\/portal\/wp-json\/wp\/v2\/comments?post=51548"}],"version-history":[{"count":0,"href":"https:\/\/www.kayiprihtim.org\/portal\/wp-json\/wp\/v2\/posts\/51548\/revisions"}],"wp:featuredmedia":[{"embeddable":true,"href":"https:\/\/www.kayiprihtim.org\/portal\/wp-json\/wp\/v2\/media\/51550"}],"wp:attachment":[{"href":"https:\/\/www.kayiprihtim.org\/portal\/wp-json\/wp\/v2\/media?parent=51548"}],"wp:term":[{"taxonomy":"category","embeddable":true,"href":"https:\/\/www.kayiprihtim.org\/portal\/wp-json\/wp\/v2\/categories?post=51548"},{"taxonomy":"post_tag","embeddable":true,"href":"https:\/\/www.kayiprihtim.org\/portal\/wp-json\/wp\/v2\/tags?post=51548"}],"curies":[{"name":"wp","href":"https:\/\/api.w.org\/{rel}","templated":true}]}}