{"id":52291,"date":"2016-01-20T20:34:51","date_gmt":"2016-01-20T18:34:51","guid":{"rendered":"http:\/\/www.kayiprihtim.org\/portal\/?p=52291"},"modified":"2016-01-20T20:35:36","modified_gmt":"2016-01-20T18:35:36","slug":"seckide-yetmis-dokuzuncu-ay","status":"publish","type":"post","link":"https:\/\/www.kayiprihtim.org\/portal\/2016\/01\/20\/seckide-yetmis-dokuzuncu-ay\/","title":{"rendered":"Se\u00e7kide Yetmi\u015f Dokuzuncu Ay"},"content":{"rendered":"<figure id=\"attachment_5523\" aria-describedby=\"caption-attachment-5523\" style=\"width: 465px\" class=\"wp-caption aligncenter\"><a href=\"http:\/\/oyku.kayiprihtim.org\/bermuda-seytan-ucgeni-temali-yetmis-dokuzuncu-ay-gorseli-asli-ekim\/\" rel=\"nofollow noopener\" target=\"_blank\"><img fetchpriority=\"high\" decoding=\"async\" class=\"size-full wp-image-5523\" src=\"http:\/\/oyku.kayiprihtim.org\/wp-content\/uploads\/bermuda-ust.jpg\" alt=\"\u00c7izim: Onur Akkiri\u015f\" width=\"465\" height=\"340\" \/><\/a><figcaption id=\"caption-attachment-5523\" class=\"wp-caption-text\"><a href=\"http:\/\/oyku.kayiprihtim.org\/bermuda-seytan-ucgeni-temali-yetmis-dokuzuncu-ay-gorseli-asli-ekim\/\" rel=\"nofollow noopener\" target=\"_blank\"><i><b>\u00c7izim<\/b><\/i>: Asl\u0131 Ekim<\/a><\/figcaption><\/figure>\n<p>Gemimiz R\u0131ht\u0131m&#8217;dan ayr\u0131ld\u0131\u011f\u0131ndan beri yetmi\u015f sekiz ay ge\u00e7ti. Atlatt\u0131\u011f\u0131m\u0131z onca <em><a href=\"http:\/\/oyku.kayiprihtim.org\/seckide-altmis-birinci-ay\/\" rel=\"nofollow noopener\" target=\"_blank\">f\u0131rt\u0131na<\/a>, <a href=\"http:\/\/oyku.kayiprihtim.org\/seckide-yetmis-altinci-ay\/\" rel=\"nofollow noopener\" target=\"_blank\">girdap<\/a>, <a href=\"http:\/\/oyku.kayiprihtim.org\/seckide-elli-birinci-ay\/\" rel=\"nofollow noopener\" target=\"_blank\">u\u00e7an hal\u0131<\/a><\/em> sald\u0131r\u0131s\u0131 ve <em><a href=\"http:\/\/oyku.kayiprihtim.org\/diger-seckiler\/\" rel=\"nofollow noopener\" target=\"_blank\">daha fazlas\u0131na<\/a><\/em> dayanan evimiz; Atlantik&#8217;in \u015feytan\u0131yla ba\u015f edebilecek mi, bilmiyoruz. <strong>Bermuda \u015eeytan \u00dc\u00e7geni<\/strong> bizi k\u0131sk\u0131vrak kavrad\u0131. Sular\u0131n dibine g\u00f6m\u00fclmeden \u00f6nce anlatabilece\u011fimiz on \u00f6yk\u00fc var, belki kurtulu\u015fun yolu, onlardan birindedir:<\/p>\n<p style=\"padding-left: 30px;\">&#8211; <a href=\"http:\/\/oyku.kayiprihtim.org\/mine-ahmet-furkan-suner\/\" target=\"_blank\" rel=\"nofollow noopener\"><b>Mine<\/b><\/a> adl\u0131 \u00f6yk\u00fcs\u00fc ile <i><b>Ahmet Furkan S\u00fcner<\/b><\/i><\/p>\n<p style=\"padding-left: 30px;\">&#8211; <a href=\"http:\/\/oyku.kayiprihtim.org\/hickimse-bermu-dag-savasi-cevdet-denizalti\/\" target=\"_blank\" rel=\"nofollow noopener\"><b>Hi\u00e7kimse, BerMu Da\u011f Sava\u015f\u0131<\/b><\/a> adl\u0131 \u00f6yk\u00fcs\u00fc ile <i><b>Cevdet Denizalt\u0131<\/b><\/i><\/p>\n<p style=\"padding-left: 30px;\">&#8211; <a href=\"http:\/\/oyku.kayiprihtim.org\/dusten-gelen-derinlik-caglar-karatug\/\" target=\"_blank\" rel=\"nofollow noopener\"><b>D\u00fc\u015ften Gelen Derinlik<\/b><\/a> adl\u0131 \u00f6yk\u00fcs\u00fc ile <i><b>\u00c7a\u011flar Karatu\u011f<\/b><\/i><\/p>\n<p style=\"padding-left: 30px;\">&#8211; <a href=\"http:\/\/oyku.kayiprihtim.org\/ask-dipsiz\/\" target=\"_blank\" rel=\"nofollow noopener\"><b>A\u015fk<\/b><\/a> adl\u0131 \u00f6yk\u00fcs\u00fc ile <i><b>Dipsiz<\/b><\/i><\/p>\n<p style=\"padding-left: 30px;\">&#8211; <a href=\"http:\/\/oyku.kayiprihtim.org\/alakorun-laneti-erhan-yavuz\/\" target=\"_blank\" rel=\"nofollow noopener\"><b>Alakor\u2019un Laneti<\/b><\/a> adl\u0131 \u00f6yk\u00fcs\u00fc ile <i><b>Erhan Yavuz<\/b><\/i><\/p>\n<p style=\"padding-left: 30px;\">&#8211; <a href=\"http:\/\/oyku.kayiprihtim.org\/dejavu-kenan-cetinkaya\/\" target=\"_blank\" rel=\"nofollow noopener\"><b>Dejavu<\/b><\/a> adl\u0131 \u00f6yk\u00fcs\u00fc ile <i><b>Kenan \u00c7etinkaya<\/b><\/i><\/p>\n<p style=\"padding-left: 30px;\">&#8211; <a href=\"http:\/\/oyku.kayiprihtim.org\/hikayeci-mustafa-gungoren\/\" target=\"_blank\" rel=\"nofollow noopener\"><b>Hik\u00e2yeci<\/b><\/a> adl\u0131 \u00f6yk\u00fcs\u00fc ile <i><b>Mustafa G\u00fcng\u00f6ren<\/b><\/i><\/p>\n<p style=\"padding-left: 30px;\">&#8211; <a href=\"http:\/\/oyku.kayiprihtim.org\/ucgen-i-cember-i-dortgen-i-gunah-ruhsen-dogan-nar\/\" target=\"_blank\" rel=\"nofollow noopener\"><b>\u00dc\u00e7gen-i \u00c7ember-i D\u00f6rtgen-i G\u00fcnah<\/b><\/a> adl\u0131 \u00f6yk\u00fcs\u00fc ile <i><b>Ruh\u015fen Do\u011fan Nar<\/b><\/i><\/p>\n<p style=\"padding-left: 30px;\">&#8211; <a href=\"http:\/\/oyku.kayiprihtim.org\/hekim-bey-alacali-agac-sefa-tursun\/\" target=\"_blank\" rel=\"nofollow noopener\"><b>Hekim Bey \u2013 Alacal\u0131 A\u011fa\u00e7<\/b><\/a> adl\u0131 \u00f6yk\u00fcs\u00fc ile <i><b>Sefa Tursun<\/b><\/i><\/p>\n<p style=\"padding-left: 30px;\">&#8211; <a href=\"http:\/\/oyku.kayiprihtim.org\/yasli-adam-cocuk-ve-hikaye-tugba-seymenoglu\/\" target=\"_blank\" rel=\"nofollow noopener\"><b>Ya\u015fl\u0131 Adam, \u00c7ocuk ve Hikaye<\/b><\/a> adl\u0131 \u00f6yk\u00fcs\u00fc ile <i><b>Tu\u011fba Seymeno\u011flu<\/b><\/i><\/p>\n<p>Bu ay\u0131n g\u00f6rseli <strong><em><a href=\"http:\/\/oyku.kayiprihtim.org\/bermuda-seytan-ucgeni-temali-yetmis-dokuzuncu-ay-gorseli-asli-ekim\/\" rel=\"nofollow noopener\" target=\"_blank\">Asl\u0131 Ekim<\/a><\/em><\/strong>&#8216;den geldi. Kendisine harika ill\u00fcstrasyonu i\u00e7in te\u015fekk\u00fcr ediyoruz! E\u011fer olur da bu felaketten de sa\u011f \u00e7\u0131kabilirsek, gelecek ay\u0131n temas\u0131 &#8220;<span style=\"font-size: 12pt;\"><strong>Y\u00fcn<\/strong><\/span>&#8221; olacak!<\/p>\n<p>&#8220;<span style=\"font-size: 14pt;\"><strong>Y\u00dcN<\/strong><\/span>&#8221; temal\u0131 \u00f6yk\u00fclerinizi <a href=\"mailto:oykuseckisi@gmail.com\">oykuseckisi@gmail.com<\/a> adresine g\u00f6nderebilirsiniz!<\/p>\n<p>Keyifli okumalar,<br \/>\nOnur \u201cDarLy OpuS\u201d Selamet<\/p>\n","protected":false},"excerpt":{"rendered":"<p>Gemimiz R\u0131ht\u0131m&#8217;dan ayr\u0131ld\u0131\u011f\u0131ndan beri yetmi\u015f sekiz ay ge\u00e7ti. Atlatt\u0131\u011f\u0131m\u0131z onca f\u0131rt\u0131na, girdap, u\u00e7an hal\u0131 sald\u0131r\u0131s\u0131 ve daha fazlas\u0131na dayanan evimiz; Atlantik&#8217;in \u015feytan\u0131yla ba\u015f edebilecek mi, bilmiyoruz. Bermuda \u015eeytan \u00dc\u00e7geni bizi k\u0131sk\u0131vrak kavrad\u0131. Sular\u0131n dibine g\u00f6m\u00fclmeden \u00f6nce anlatabilece\u011fimiz on \u00f6yk\u00fc var, belki kurtulu\u015fun yolu, onlardan birindedir: &#8211; Mine adl\u0131 \u00f6yk\u00fcs\u00fc ile Ahmet Furkan S\u00fcner &#8211; Hi\u00e7kimse, [&hellip;]<\/p>\n","protected":false},"author":1,"featured_media":0,"comment_status":"open","ping_status":"closed","sticky":false,"template":"","format":"standard","meta":{"_acf_changed":false,"footnotes":""},"categories":[98,6],"tags":[9293,9207,9194],"class_list":{"0":"post-52291","1":"post","2":"type-post","3":"status-publish","4":"format-standard","6":"category-aylik-oyku-seckisi","7":"category-kayip-rihtim","8":"tag-asli-ekim","9":"tag-aylik-oyku-seckisi","10":"tag-kayip-rihtim","11":"kose_yazari-onur-selamet-arsivi"},"acf":[],"_links":{"self":[{"href":"https:\/\/www.kayiprihtim.org\/portal\/wp-json\/wp\/v2\/posts\/52291","targetHints":{"allow":["GET"]}}],"collection":[{"href":"https:\/\/www.kayiprihtim.org\/portal\/wp-json\/wp\/v2\/posts"}],"about":[{"href":"https:\/\/www.kayiprihtim.org\/portal\/wp-json\/wp\/v2\/types\/post"}],"author":[{"embeddable":true,"href":"https:\/\/www.kayiprihtim.org\/portal\/wp-json\/wp\/v2\/users\/1"}],"replies":[{"embeddable":true,"href":"https:\/\/www.kayiprihtim.org\/portal\/wp-json\/wp\/v2\/comments?post=52291"}],"version-history":[{"count":0,"href":"https:\/\/www.kayiprihtim.org\/portal\/wp-json\/wp\/v2\/posts\/52291\/revisions"}],"wp:attachment":[{"href":"https:\/\/www.kayiprihtim.org\/portal\/wp-json\/wp\/v2\/media?parent=52291"}],"wp:term":[{"taxonomy":"category","embeddable":true,"href":"https:\/\/www.kayiprihtim.org\/portal\/wp-json\/wp\/v2\/categories?post=52291"},{"taxonomy":"post_tag","embeddable":true,"href":"https:\/\/www.kayiprihtim.org\/portal\/wp-json\/wp\/v2\/tags?post=52291"}],"curies":[{"name":"wp","href":"https:\/\/api.w.org\/{rel}","templated":true}]}}