{"id":53234,"date":"2016-02-19T17:25:49","date_gmt":"2016-02-19T15:25:49","guid":{"rendered":"http:\/\/www.kayiprihtim.org\/portal\/?p=53234"},"modified":"2016-02-19T17:25:49","modified_gmt":"2016-02-19T15:25:49","slug":"terry-pratchett-the-shepherds-crownla-carnegie-madalyasina-aday-oldu","status":"publish","type":"post","link":"https:\/\/www.kayiprihtim.org\/portal\/2016\/02\/19\/terry-pratchett-the-shepherds-crownla-carnegie-madalyasina-aday-oldu\/","title":{"rendered":"Terry Pratchett, &#8216;The Shepherd&#8217;s Crown&#8217;la Carnegie Madalyas\u0131&#8217;na Aday Oldu!"},"content":{"rendered":"<p><img fetchpriority=\"high\" decoding=\"async\" class=\"aligncenter size-full wp-image-53235\" src=\"https:\/\/www.kayiprihtim.org\/portal\/gorsel\/2016\/02\/terry-pratchett-ust.jpg\" alt=\"terry-pratchett-ust\" width=\"467\" height=\"293\" srcset=\"https:\/\/www.kayiprihtim.org\/portal\/gorsel\/2016\/02\/terry-pratchett-ust.jpg 500w, https:\/\/www.kayiprihtim.org\/portal\/gorsel\/2016\/02\/terry-pratchett-ust-300x188.jpg 300w\" sizes=\"(max-width: 467px) 100vw, 467px\" \/><\/p>\n<p><span style=\"font-size: 12pt;\"><b>Birle\u015fik Krall\u0131k\u2019\u0131n en eski \u00e7ocuk kitaplar\u0131 \u00f6d\u00fcl\u00fc <span style=\"color: #993300;\">Carnegie Madalyas\u0131<\/span>\u2019n\u0131n organizat\u00f6rleri, <span style=\"color: #993300;\">Terry Pratchett<\/span>\u2019\u0131n 2015\u2019de yay\u0131mlanan son Diskd\u00fcnya kitab\u0131 \u201c<span style=\"color: #993300;\">The Shepherd\u2019s Crown<\/span>\u201d ile \u00f6n aday listesinde yer ald\u0131\u011f\u0131n\u0131 duyurdu.<\/b><\/span><\/p>\n<p>1936\u2019dan beri d\u00fczenlenen ve <i>Arthur Ransome<\/i>\u2019dan <i>Noel Streatfeild<\/i>\u2019a kadar pek \u00e7ok ba\u015far\u0131l\u0131 yazar\u0131 onurland\u0131rm\u0131\u015f olan bu k\u00f6kl\u00fc \u00f6d\u00fcle &#8220;<span style=\"color: #993300; font-size: 12pt;\"><b>The Shephard\u2019s Crown<\/b><\/span>&#8221; (<em>\u00c7oban\u0131n Tac\u0131<\/em>) adl\u0131 kitab\u0131yla ikinci kez aday olan <b>Terry Pratchett<\/b>, ilk b\u00fcy\u00fck kitap \u00f6d\u00fcl\u00fcn\u00fc de 2002\u2019de yine <b>CLIP Carnegie<\/b>\u2019de kazanm\u0131\u015ft\u0131. 2007\u2019de tan\u0131s\u0131 koyulan kanseriyle m\u00fccadelesini ge\u00e7ti\u011fimiz sene kaybedip aram\u0131zdan ayr\u0131lan usta yazar 2002\u2019de kucaklad\u0131\u011f\u0131 \u00f6d\u00fcle ilk \u00e7ocuk kitab\u0131 olan \u201c<b>Muhte\u015fem Maurice ve De\u011fi\u015fi\u015f Fareler<\/b>i\u201d sayesinde lay\u0131k g\u00f6r\u00fclm\u00fc\u015ft\u00fc.<\/p>\n<p>14 y\u0131l \u00f6nceki \u00f6d\u00fcl seremonisinde yapt\u0131\u011f\u0131 d\u00fc\u015f\u00fcnd\u00fcr\u00fcc\u00fc <a href=\"http:\/\/www.carnegiegreenaway.org.uk\/pressdesk\/press.php?release=pres_terspeach.htm\" target=\"_blank\" rel=\"nofollow noopener\"><b>konu\u015fmada<\/b><\/a>, bir yazar olarak, <i>Birle\u015fik Krall\u0131k\u00a0<\/i>ve <i>Amerika Birle\u015fik Devletleri<\/i>\u2019nde iki toplumun yazarlara ve eserlerine bak\u0131\u015f a\u00e7\u0131s\u0131nda ne gibi farkl\u0131l\u0131klar oldu\u011fundan bahsetmi\u015f, insanlar\u0131n \u201ce\u011flenceli\u201d ve \u201cciddi\u201d kelimelerini birbirlerinin kar\u015f\u0131t\u0131 olarak g\u00f6rmelerinin yanl\u0131\u015f oldu\u011funa de\u011finmi\u015fti.<\/p>\n<p>Bu y\u0131l, <b>Pratchett<\/b>\u2019\u0131n yaratt\u0131\u011f\u0131 karakterlerden cad\u0131 <i>Tifany S\u0131z\u0131<\/i>\u2019n\u0131n\u00a0maceralar\u0131n\u0131 konu alan <span style=\"color: #993300; font-size: 12pt;\"><b>The Sheperd\u2019s Crown<\/b><\/span>\u2019un, kendisi gibi bu \u00f6d\u00fcl\u00fc daha \u00f6nce kazanm\u0131\u015f yazarlar\u0131n elinden \u00e7\u0131kan pek \u00e7ok zorlu rakibi var. \u00d6n aday listesindeki 20 isimden daha \u00f6nce Carnagie Madalyas\u0131\u2019na lay\u0131k g\u00f6r\u00fclenler aras\u0131nda kimler yok ki! Ge\u00e7en y\u0131l <b>Costa \u00d6d\u00fcl\u00fc<\/b>\u2019n\u00fc kucaklam\u0131\u015f olan \u201cThe Lie Tree\u201dnin yazar\u0131 <i>Francis Hardinge<\/i>\u2019den tutun da, <i>Sally Gardner<\/i>, <i><i>Patrick Ness<\/i><\/i> ve <i>David Almond<\/i>\u2019a kadar pek \u00e7ok ba\u015far\u0131l\u0131 yazar listede kendisine yer bulmu\u015f durumda.<\/p>\n<p>Yine <b>CILIP<\/b> (<i>Chartered Institute of Library and Information Professionals<\/i>) taraf\u0131ndan Carnegie Madalyas\u0131\u2019na ortak olarak d\u00fczenlenen ill\u00fcstrasyon \u00f6d\u00fcl\u00fc <b>Kate Greenaway Madalyas\u0131<\/b>\u2019nda ise hem kendi kitab\u0131 \u201c<i>Goth Girl and the Fete Worse Than Death<\/i>\u201d ile hem de <i>Neil Gaiman<\/i>\u2019\u0131n \u201c<i>The Sleeper and the Spindle<\/i>\u201d adl\u0131 kitab\u0131yla iki kere aday g\u00f6sterilen <b>Chris Riddell<\/b> ve \u201cWilly\u2019s Stories\u201d ile ikinci kez bu \u00f6d\u00fcl\u00fc kazanmay\u0131 hedefleyen <b>Anthony Browne<\/b> en g\u00fc\u00e7l\u00fc adaylar aras\u0131nda g\u00f6steriliyorlar.<\/p>\n<p>\u0130ki \u00f6d\u00fcl i\u00e7in de adaylar\u0131 ve kazanacak isimleri belirleyen uzman bir k\u00fct\u00fcphaneciler heyeti bulunuyor. Bu y\u0131l\u0131n kuruluna ba\u015fkanl\u0131k eden <b>Sioned Jacque<\/b> ise \u00f6n aday listesini \u201cheyecan verici\u201d olarak de\u011ferlendirmi\u015f ve eklemi\u015f:<\/p>\n<blockquote><p>Ger\u00e7ekten de \u00e7ocuk kitab\u0131 yazarl\u0131\u011f\u0131 ve ill\u00fcstrasyonu a\u00e7\u0131s\u0131ndan alt\u0131n bir \u00e7a\u011f ya\u015famaktay\u0131z ve \u00f6n eleme listesinde bulunan isimlerin yetenekleri ve hikaye anlatma ba\u015far\u0131lar\u0131, s\u00fcrekli geni\u015fleyen bir yay\u0131m alan\u0131ndaki inan\u0131lmaz derecede y\u00fcksek standard\u0131n bir g\u00f6stergesidir, her kitap potansiyel bir kazanan. Adaylar\u0131n hepsi inan\u0131lmaz kitaplar ve b\u00fcy\u00fck bir okur kitlesini hak ediyorlar.<\/p><\/blockquote>\n<p>As\u0131l aday listesi <b>15 Mart<\/b>\u2019ta belli olacak ve kazananlar <b>20 Haziran<\/b>\u2019da ilan edilecek. Kazananlar\u0131n hepsi se\u00e7tikleri bir k\u00fct\u00fcphaneye ba\u011f\u0131\u015flamak i\u00e7in 500 pound de\u011ferinde kitap, bir alt\u0131n madalya ve 2000 y\u0131l\u0131nda \u00fcnl\u00fc kitap koleksiyoneri Colin Mears ad\u0131na verilmeye ba\u015flanan 5,000 pound ile \u00f6d\u00fcllendirilecekler.<\/p>\n<p>Y\u0131ld\u0131zlar ge\u00e7idi gibi olan \u00f6n listedeki b\u00fct\u00fcn adaylara ba\u015far\u0131lar dilesek de ge\u00e7ti\u011fimiz sene kaybetti\u011fimiz usta yazar <strong>Pratchett<\/strong>\u2019\u0131n bu \u00f6d\u00fcl vesilesiyle bir kez daha an\u0131ld\u0131\u011f\u0131n\u0131 ve takdir edildi\u011fini g\u00f6rmeyi t\u00fcm hayranlar\u0131 gibi biz de g\u00f6n\u00fclden istiyoruz. \u0130yi olan kazans\u0131n!<\/p>\n","protected":false},"excerpt":{"rendered":"<p>Birle\u015fik Krall\u0131k\u2019\u0131n en eski \u00e7ocuk kitaplar\u0131 \u00f6d\u00fcl\u00fc Carnegie Madalyas\u0131\u2019n\u0131n organizat\u00f6rleri, Terry Pratchett\u2019\u0131n 2015\u2019de yay\u0131mlanan son Diskd\u00fcnya kitab\u0131 \u201cThe Shepherd\u2019s Crown\u201d ile \u00f6n aday listesinde yer ald\u0131\u011f\u0131n\u0131 duyurdu. 1936\u2019dan beri d\u00fczenlenen ve Arthur Ransome\u2019dan Noel Streatfeild\u2019a kadar pek \u00e7ok ba\u015far\u0131l\u0131 yazar\u0131 onurland\u0131rm\u0131\u015f olan bu k\u00f6kl\u00fc \u00f6d\u00fcle &#8220;The Shephard\u2019s Crown&#8221; (\u00c7oban\u0131n Tac\u0131) adl\u0131 kitab\u0131yla ikinci kez aday [&hellip;]<\/p>\n","protected":false},"author":57,"featured_media":53235,"comment_status":"open","ping_status":"closed","sticky":false,"template":"","format":"standard","meta":{"_acf_changed":false,"footnotes":""},"categories":[1801,81],"tags":[9500,42,4445],"class_list":{"0":"post-53234","1":"post","2":"type-post","3":"status-publish","4":"format-standard","5":"has-post-thumbnail","7":"category-edebiyat-odulleri","8":"category-yazar","9":"tag-carnegie-madalyasi","10":"tag-terry-pratchett","11":"tag-the-shepherds-crown","12":"kose_yazari-beyza-tasdelen-black-helen"},"acf":[],"_links":{"self":[{"href":"https:\/\/www.kayiprihtim.org\/portal\/wp-json\/wp\/v2\/posts\/53234","targetHints":{"allow":["GET"]}}],"collection":[{"href":"https:\/\/www.kayiprihtim.org\/portal\/wp-json\/wp\/v2\/posts"}],"about":[{"href":"https:\/\/www.kayiprihtim.org\/portal\/wp-json\/wp\/v2\/types\/post"}],"author":[{"embeddable":true,"href":"https:\/\/www.kayiprihtim.org\/portal\/wp-json\/wp\/v2\/users\/57"}],"replies":[{"embeddable":true,"href":"https:\/\/www.kayiprihtim.org\/portal\/wp-json\/wp\/v2\/comments?post=53234"}],"version-history":[{"count":0,"href":"https:\/\/www.kayiprihtim.org\/portal\/wp-json\/wp\/v2\/posts\/53234\/revisions"}],"wp:featuredmedia":[{"embeddable":true,"href":"https:\/\/www.kayiprihtim.org\/portal\/wp-json\/wp\/v2\/media\/53235"}],"wp:attachment":[{"href":"https:\/\/www.kayiprihtim.org\/portal\/wp-json\/wp\/v2\/media?parent=53234"}],"wp:term":[{"taxonomy":"category","embeddable":true,"href":"https:\/\/www.kayiprihtim.org\/portal\/wp-json\/wp\/v2\/categories?post=53234"},{"taxonomy":"post_tag","embeddable":true,"href":"https:\/\/www.kayiprihtim.org\/portal\/wp-json\/wp\/v2\/tags?post=53234"}],"curies":[{"name":"wp","href":"https:\/\/api.w.org\/{rel}","templated":true}]}}