{"id":53531,"date":"2016-03-01T10:59:57","date_gmt":"2016-03-01T08:59:57","guid":{"rendered":"http:\/\/www.kayiprihtim.org\/portal\/?p=53531"},"modified":"2016-03-01T11:01:09","modified_gmt":"2016-03-01T09:01:09","slug":"sissoylu-3-caglarin-kahramani-on-sipariste","status":"publish","type":"post","link":"https:\/\/www.kayiprihtim.org\/portal\/2016\/03\/01\/sissoylu-3-caglarin-kahramani-on-sipariste\/","title":{"rendered":"Sissoylu 3 &#8220;\u00c7a\u011flar\u0131n Kahraman\u0131&#8221; \u00d6n Sipari\u015fte!"},"content":{"rendered":"<p><img fetchpriority=\"high\" decoding=\"async\" class=\"aligncenter size-full wp-image-53534\" src=\"https:\/\/www.kayiprihtim.org\/portal\/gorsel\/2016\/02\/sissoylu-3-ust1.jpg\" alt=\"sissoylu-3-ust\" width=\"467\" height=\"279\" srcset=\"https:\/\/www.kayiprihtim.org\/portal\/gorsel\/2016\/02\/sissoylu-3-ust1.jpg 500w, https:\/\/www.kayiprihtim.org\/portal\/gorsel\/2016\/02\/sissoylu-3-ust1-300x179.jpg 300w\" sizes=\"(max-width: 467px) 100vw, 467px\" \/><\/p>\n<p><span style=\"font-size: 12pt;\"><strong><span style=\"color: #993300;\">Sissoylu Serisi<\/span>\u2019nin \u00fc\u00e7\u00fcnc\u00fc cildi <span style=\"color: #993300;\">\u00c7a\u011flar\u0131n Kahraman\u0131<\/span> raflardaki yerini bu hafta al\u0131yor!<\/strong><\/span><\/p>\n<p><strong>Ak\u0131l\u00e7elen Kitaplar<\/strong> s\u00f6z\u00fcn\u00fc tuttu ve <em><strong>Brandon Sanderson<\/strong><\/em>\u2019\u0131n sevilen epik fantastik serisi <span style=\"color: #993300; font-size: 12pt;\"><strong>Sissoylu<\/strong><\/span>\u2019nun merakla beklenen \u00fc\u00e7\u00fcnc\u00fc kitab\u0131n\u0131 \u00e7ok bekletmeden bizlere ula\u015ft\u0131rd\u0131! <strong>\u00c7a\u011flar\u0131n Kahraman\u0131<\/strong> adl\u0131 \u00fc\u00e7\u00fcnc\u00fc cilt bug\u00fcnden itibaren t\u00fcm dijital kitap sat\u0131\u015f ma\u011fazalar\u0131nda \u00f6n sipari\u015fe a\u00e7\u0131lm\u0131\u015f durumda. Okurlarla buluma tarihiyse <strong>3 Mart<\/strong>!<\/p>\n<p>Kitab\u0131n arka kapak yaz\u0131s\u0131 ve tan\u0131t\u0131m metni \u015fu \u015fekilde:<\/p>\n<blockquote><p><img decoding=\"async\" class=\"size-full wp-image-53532 alignright\" src=\"https:\/\/www.kayiprihtim.org\/portal\/gorsel\/2016\/02\/sissoylu-3.jpg\" alt=\"sissoylu-3\" width=\"190\" height=\"280\" \/>Son \u0130mparatorluk\u2019u y\u0131kmak i\u00e7in Lord H\u00fck\u00fcmdar\u2019\u0131 \u00f6ld\u00fcrmek gerekliydi\u2026 Acaba bu bir hata m\u0131yd\u0131?<\/p>\n<p>D\u00f6rt bir yan\u0131 saran \u00f6l\u00fcmc\u00fcl sislerin, giderek artan kesif k\u00fcl ya\u011f\u0131\u015flar\u0131n\u0131n ve asla olmad\u0131\u011f\u0131 kadar \u015fiddetli bir \u015fekilde ya\u015fanan depremlerin yeniden ortaya \u00e7\u0131kmas\u0131n\u0131n ard\u0131ndan, Vin ve Elend Lord H\u00fck\u00fcmdar\u2019\u0131 \u00f6ld\u00fcrmenin iyi bir fikir oldu\u011fundan art\u0131k o kadar da emin de\u011filler.<\/p>\n<p>\u00c7ok uzun zaman \u00f6nce, d\u00fcnyay\u0131 yaratan iki ana varl\u0131ktan biri olan Harap\u2019a her \u015feyi yok etmesini m\u00fcmk\u00fcn k\u0131lacak nihai bir g\u00fc\u00e7 vadedilmi\u015fti. Oyuna gelen Vin Harap\u2019\u0131n Mira\u00e7 Kuyusu\u2019ndan kurtulmas\u0131na neden olmu\u015ftu ve \u015fimdi, Harap bu g\u00fcc\u00fc kullanmaya niyetli.<\/p>\n<p>Sissoylu \u00dc\u00e7lemesi\u2019nin son kitab\u0131, ilk iki cildin mu\u015ftulad\u0131\u011f\u0131 her \u015fey sunuyor okuyucusuna. K\u00f6kleri dizinin \u00f6nceki kitaplar\u0131nda bulunan ba\u011flant\u0131lar netle\u015fiyor, s\u0131k s\u0131k rastlad\u0131\u011f\u0131m\u0131z gizemler birer birer ayd\u0131nl\u0131\u011fa kavu\u015fuyor ve ta\u015flar \u00e2deta tek tek oturuyor yerlerine. B\u00fct\u00fcn bunlar yetmezmi\u015f gibi, \u00c7a\u011flar\u0131n Kahraman\u0131 nefes kesici s\u00fcrprizlere gebe.<\/p>\n<p>\u00c7a\u011flar\u0131n Kahraman\u0131, bug\u00fcne kadar benzerini okumad\u0131\u011f\u0131n\u0131z \u00f6zg\u00fcnl\u00fckte ve cesurca kaleme al\u0131nm\u0131\u015f bir final kitab\u0131.<\/p><\/blockquote>\n<p>\u00c7evirisini <em><strong>Utku T\u00f6nel<\/strong><\/em>\u2019in, redaksiyonunu <em><strong>Koray Sel<\/strong><\/em>\u2019in, son okumas\u0131n\u0131ysa <em><strong>Serdar Tosun<\/strong><\/em>\u2019un \u00fcstlendi\u011fi 592 sayfal\u0131k \u00c7a\u011flar\u0131n Kahraman\u0131\u2019n\u0131 \u015fimdiden sipari\u015f <strong><a href=\"http:\/\/www.idefix.com\/kitap\/sissoylu-3-caglarin-kahramani-brandon-sanderson\/tanim.asp?sid=XMUBYM5PR313NB6PK91T\" target=\"_blank\" rel=\"nofollow noopener\">edebilirsiniz<\/a><\/strong>. Keyifli okumalar!<\/p>\n","protected":false},"excerpt":{"rendered":"<p>Sissoylu Serisi\u2019nin \u00fc\u00e7\u00fcnc\u00fc cildi \u00c7a\u011flar\u0131n Kahraman\u0131 raflardaki yerini bu hafta al\u0131yor! Ak\u0131l\u00e7elen Kitaplar s\u00f6z\u00fcn\u00fc tuttu ve Brandon Sanderson\u2019\u0131n sevilen epik fantastik serisi Sissoylu\u2019nun merakla beklenen \u00fc\u00e7\u00fcnc\u00fc kitab\u0131n\u0131 \u00e7ok bekletmeden bizlere ula\u015ft\u0131rd\u0131! \u00c7a\u011flar\u0131n Kahraman\u0131 adl\u0131 \u00fc\u00e7\u00fcnc\u00fc cilt bug\u00fcnden itibaren t\u00fcm dijital kitap sat\u0131\u015f ma\u011fazalar\u0131nda \u00f6n sipari\u015fe a\u00e7\u0131lm\u0131\u015f durumda. Okurlarla buluma tarihiyse 3 Mart! Kitab\u0131n arka kapak [&hellip;]<\/p>\n","protected":false},"author":57,"featured_media":53534,"comment_status":"open","ping_status":"closed","sticky":false,"template":"","format":"standard","meta":{"_acf_changed":false,"footnotes":""},"categories":[3],"tags":[1897,109,9590,9592,9342,3371,9589,9593],"class_list":{"0":"post-53531","1":"post","2":"type-post","3":"status-publish","4":"format-standard","5":"has-post-thumbnail","7":"category-fantastik-kitaplar","8":"tag-akilcelen-kitaplar","9":"tag-brandon-sanderson","10":"tag-caglarin-kahramani","11":"tag-koray-sel","12":"tag-serdar-tosun","13":"tag-sissoylu","14":"tag-sissoylu-3","15":"tag-utku-tonel","16":"kose_yazari-m-ihsan-tatari-arsivi"},"acf":[],"_links":{"self":[{"href":"https:\/\/www.kayiprihtim.org\/portal\/wp-json\/wp\/v2\/posts\/53531","targetHints":{"allow":["GET"]}}],"collection":[{"href":"https:\/\/www.kayiprihtim.org\/portal\/wp-json\/wp\/v2\/posts"}],"about":[{"href":"https:\/\/www.kayiprihtim.org\/portal\/wp-json\/wp\/v2\/types\/post"}],"author":[{"embeddable":true,"href":"https:\/\/www.kayiprihtim.org\/portal\/wp-json\/wp\/v2\/users\/57"}],"replies":[{"embeddable":true,"href":"https:\/\/www.kayiprihtim.org\/portal\/wp-json\/wp\/v2\/comments?post=53531"}],"version-history":[{"count":0,"href":"https:\/\/www.kayiprihtim.org\/portal\/wp-json\/wp\/v2\/posts\/53531\/revisions"}],"wp:featuredmedia":[{"embeddable":true,"href":"https:\/\/www.kayiprihtim.org\/portal\/wp-json\/wp\/v2\/media\/53534"}],"wp:attachment":[{"href":"https:\/\/www.kayiprihtim.org\/portal\/wp-json\/wp\/v2\/media?parent=53531"}],"wp:term":[{"taxonomy":"category","embeddable":true,"href":"https:\/\/www.kayiprihtim.org\/portal\/wp-json\/wp\/v2\/categories?post=53531"},{"taxonomy":"post_tag","embeddable":true,"href":"https:\/\/www.kayiprihtim.org\/portal\/wp-json\/wp\/v2\/tags?post=53531"}],"curies":[{"name":"wp","href":"https:\/\/api.w.org\/{rel}","templated":true}]}}