{"id":53816,"date":"2016-03-08T15:53:45","date_gmt":"2016-03-08T13:53:45","guid":{"rendered":"http:\/\/www.kayiprihtim.org\/portal\/?p=53816"},"modified":"2016-03-08T15:53:45","modified_gmt":"2016-03-08T13:53:45","slug":"deli-kadin-dergide-pagan-feminizm-ve-cadilik-var","status":"publish","type":"post","link":"https:\/\/www.kayiprihtim.org\/portal\/2016\/03\/08\/deli-kadin-dergide-pagan-feminizm-ve-cadilik-var\/","title":{"rendered":"Deli Kad\u0131n Dergi&#8217;de &#8220;Pagan Feminizm ve Cad\u0131l\u0131k&#8221; Var!"},"content":{"rendered":"<p><img fetchpriority=\"high\" decoding=\"async\" class=\"aligncenter wp-image-53822\" src=\"https:\/\/www.kayiprihtim.org\/portal\/gorsel\/2016\/03\/deli-kadin2-kapak-ust.jpg\" alt=\"deli-kadin2-kapak-ust\" width=\"467\" height=\"274\" srcset=\"https:\/\/www.kayiprihtim.org\/portal\/gorsel\/2016\/03\/deli-kadin2-kapak-ust.jpg 500w, https:\/\/www.kayiprihtim.org\/portal\/gorsel\/2016\/03\/deli-kadin2-kapak-ust-300x176.jpg 300w\" sizes=\"(max-width: 467px) 100vw, 467px\" \/><\/p>\n<p><span style=\"font-size: 12pt;\"><strong>3 Ayl\u0131k feminist, edebiyat, politika dergisi <span style=\"color: #993300;\">Deli Kad\u0131n<\/span>&#8216;\u0131n 2. y\u0131l \u00f6zel say\u0131s\u0131 <em>8 Mart<\/em> itibariyle raflardaki yerini ald\u0131! Dergide\u00a0&#8220;<span style=\"color: #993300;\">Pagan Feminizm ve Cad\u0131l\u0131k<\/span>&#8221; konulu heyecan verici bir dosya da var!<\/strong><\/span><\/p>\n<p>Kapak ill\u00fcstrasyonunu <em>Zeynep \u00d6zatalay<\/em>&#8216;\u0131n ger\u00e7ekle\u015ftirdi\u011fi derginin kazan\u0131na\u00a0hep beraber bakal\u0131m:<\/p>\n<p><a href=\"https:\/\/www.kayiprihtim.org\/portal\/gorsel\/2016\/03\/delikadin-kazan.jpg\"><img decoding=\"async\" class=\"wp-image-53818 aligncenter\" src=\"https:\/\/www.kayiprihtim.org\/portal\/gorsel\/2016\/03\/delikadin-kazan-776x1024.jpg\" alt=\"delikadin-kazan\" width=\"453\" height=\"597\" srcset=\"https:\/\/www.kayiprihtim.org\/portal\/gorsel\/2016\/03\/delikadin-kazan-776x1024.jpg 776w, https:\/\/www.kayiprihtim.org\/portal\/gorsel\/2016\/03\/delikadin-kazan-227x300.jpg 227w, https:\/\/www.kayiprihtim.org\/portal\/gorsel\/2016\/03\/delikadin-kazan.jpg 1024w\" sizes=\"(max-width: 453px) 100vw, 453px\" \/><\/a><\/p>\n<p>Harika isimleri, harika konu ba\u015fl\u0131klar\u0131,\u00a0heyecan verici yaz\u0131lar\u0131 ve yeni ya\u015flar\u0131yla <strong>Deli Kad\u0131n<\/strong>; 8 Mart&#8217;\u0131n en g\u00fczel yanlar\u0131ndan birisi! &#8220;<em>Cad\u0131l\u0131k yadig\u00e2rd\u0131r.<\/em>&#8221; diyerek sunduklar\u0131 bu \u00f6zel say\u0131ya ula\u015fabilece\u011finiz noktalara\u00a0<strong><a href=\"https:\/\/www.facebook.com\/delikadindergi\" rel=\"nofollow noopener\" target=\"_blank\">buradan<\/a><\/strong>\u00a0\u00f6\u011frenebilirsiniz.<\/p>\n<p><a href=\"https:\/\/www.kayiprihtim.org\/portal\/gorsel\/2016\/03\/deli-kadin2-kapak.jpg\"><img decoding=\"async\" class=\"aligncenter wp-image-53821\" src=\"https:\/\/www.kayiprihtim.org\/portal\/gorsel\/2016\/03\/deli-kadin2-kapak-217x300.jpg\" alt=\"deli-kadin2-kapak\" width=\"244\" height=\"338\" srcset=\"https:\/\/www.kayiprihtim.org\/portal\/gorsel\/2016\/03\/deli-kadin2-kapak-217x300.jpg 217w, https:\/\/www.kayiprihtim.org\/portal\/gorsel\/2016\/03\/deli-kadin2-kapak.jpg 695w\" sizes=\"(max-width: 244px) 100vw, 244px\" \/><\/a><\/p>\n","protected":false},"excerpt":{"rendered":"<p>3 Ayl\u0131k feminist, edebiyat, politika dergisi Deli Kad\u0131n&#8216;\u0131n 2. y\u0131l \u00f6zel say\u0131s\u0131 8 Mart itibariyle raflardaki yerini ald\u0131! Dergide\u00a0&#8220;Pagan Feminizm ve Cad\u0131l\u0131k&#8221; konulu heyecan verici bir dosya da var! Kapak ill\u00fcstrasyonunu Zeynep \u00d6zatalay&#8216;\u0131n ger\u00e7ekle\u015ftirdi\u011fi derginin kazan\u0131na\u00a0hep beraber bakal\u0131m: Harika isimleri, harika konu ba\u015fl\u0131klar\u0131,\u00a0heyecan verici yaz\u0131lar\u0131 ve yeni ya\u015flar\u0131yla Deli Kad\u0131n; 8 Mart&#8217;\u0131n en g\u00fczel yanlar\u0131ndan [&hellip;]<\/p>\n","protected":false},"author":10,"featured_media":53822,"comment_status":"open","ping_status":"closed","sticky":false,"template":"","format":"standard","meta":{"_acf_changed":false,"footnotes":""},"categories":[1241],"tags":[9660,9658,9661,9659],"class_list":{"0":"post-53816","1":"post","2":"type-post","3":"status-publish","4":"format-standard","5":"has-post-thumbnail","7":"category-dergiler","8":"tag-cadilik","9":"tag-deli-kadin-dergi","10":"tag-pagan","11":"tag-paganizm","12":"kose_yazari-onur-selamet-arsivi"},"acf":[],"_links":{"self":[{"href":"https:\/\/www.kayiprihtim.org\/portal\/wp-json\/wp\/v2\/posts\/53816","targetHints":{"allow":["GET"]}}],"collection":[{"href":"https:\/\/www.kayiprihtim.org\/portal\/wp-json\/wp\/v2\/posts"}],"about":[{"href":"https:\/\/www.kayiprihtim.org\/portal\/wp-json\/wp\/v2\/types\/post"}],"author":[{"embeddable":true,"href":"https:\/\/www.kayiprihtim.org\/portal\/wp-json\/wp\/v2\/users\/10"}],"replies":[{"embeddable":true,"href":"https:\/\/www.kayiprihtim.org\/portal\/wp-json\/wp\/v2\/comments?post=53816"}],"version-history":[{"count":0,"href":"https:\/\/www.kayiprihtim.org\/portal\/wp-json\/wp\/v2\/posts\/53816\/revisions"}],"wp:featuredmedia":[{"embeddable":true,"href":"https:\/\/www.kayiprihtim.org\/portal\/wp-json\/wp\/v2\/media\/53822"}],"wp:attachment":[{"href":"https:\/\/www.kayiprihtim.org\/portal\/wp-json\/wp\/v2\/media?parent=53816"}],"wp:term":[{"taxonomy":"category","embeddable":true,"href":"https:\/\/www.kayiprihtim.org\/portal\/wp-json\/wp\/v2\/categories?post=53816"},{"taxonomy":"post_tag","embeddable":true,"href":"https:\/\/www.kayiprihtim.org\/portal\/wp-json\/wp\/v2\/tags?post=53816"}],"curies":[{"name":"wp","href":"https:\/\/api.w.org\/{rel}","templated":true}]}}