{"id":5418,"date":"2010-10-21T17:24:22","date_gmt":"2010-10-21T14:24:22","guid":{"rendered":"http:\/\/www.kayiprihtim.org\/portal\/?p=5418"},"modified":"2012-01-11T17:34:52","modified_gmt":"2012-01-11T15:34:52","slug":"29-istanbul-kitap-fuarina-sayili-gunler-kaldi","status":"publish","type":"post","link":"https:\/\/www.kayiprihtim.org\/portal\/2010\/10\/21\/29-istanbul-kitap-fuarina-sayili-gunler-kaldi\/","title":{"rendered":"&#8220;29. \u0130stanbul Kitap Fuar\u0131&#8221;na Say\u0131l\u0131 G\u00fcnler Kald\u0131!"},"content":{"rendered":"<p><img fetchpriority=\"high\" decoding=\"async\" class=\"aligncenter\" src=\"https:\/\/www.kayiprihtim.org\/portal\/gorsel\/29-istanbul-kitap-fuari-top.jpg\" alt=\"\" width=\"490\" height=\"192\"><\/p>\n<p><strong><em>Bu sene birbirinden \u00f6nemli etkinliklere ev sahipli\u011fi yapacak olan \u0130stanbul Kitap Fuar\u0131 30 Ekim 2010 Cumartesi g\u00fcn\u00fc kap\u0131lar\u0131n\u0131 kitapseverlere a\u00e7maya haz\u0131rlan\u0131yor&#8230;<\/em><\/strong><\/p>\n<p><strong>T\u00dcYAP T\u00fcm Fuarc\u0131l\u0131k Yap\u0131m A.\u015e<\/strong>. taraf\u0131ndan <strong>T\u00fcrkiye Yay\u0131nc\u0131lar Birli\u011fi<\/strong><strong> <\/strong>i\u015fbirli\u011fi ile <strong>30 Ekim-7 Kas\u0131m 2010<\/strong> tarihleri aras\u0131nda T\u00dcYAP Fuar ve Kongre Merkezi- B\u00fcy\u00fck\u00e7ekmece\u2019de d\u00fczenlenecek olan <strong>29. \u0130stanbul Kitap Fuar\u0131<\/strong> 550 yay\u0131nevi ve sivil toplum kurulu\u015funun kat\u0131l\u0131m\u0131, yakla\u015f\u0131k 300 etkinlik ve y\u00fczlerce imza ile kap\u0131lar\u0131n\u0131 kitapseverlere a\u00e7maya haz\u0131rlan\u0131yor.<\/p>\n<p style=\"text-align: center;\"><strong><span style=\"text-decoration: underline;\">Onur Konu\u011fu: \u0130spanya<\/span><\/strong><\/p>\n<p>\u0130lk kez bir \u00fclkenin edebiyat\u0131 ve k\u00fclt\u00fcr\u00fcyle \u0130stanbul Kitap Fuar\u0131\u2019n\u0131n Onur Konu\u011fu olaca\u011f\u0131 \u0130spanya etkinlikleri, 30 Ekim-2 Kas\u0131m 2010 tarihleri aras\u0131nda Uluslararas\u0131 Salon\u2019da (5 nolu hol) ger\u00e7ekle\u015ftirilecek. Onur \u00dclke program\u0131 kapsam\u0131nda \u0130spanya\u2019dan konuk yazarlar\u0131n kat\u0131l\u0131m\u0131yla s\u00f6yle\u015filer, sergi, a\u00e7\u0131l\u0131\u015f ve kapan\u0131\u015f konserleri yer alacak.<\/p>\n<p style=\"text-align: center;\"><strong><span style=\"text-decoration: underline;\">\u0130talyan Efsanevi \u00c7izerler Kitap Fuar\u0131\u2019nda<\/span><\/strong><\/p>\n<p>Zagor\u2019un yarat\u0131c\u0131s\u0131, efsanevi \u00e7izer <em>Gallieno Ferri<\/em> ilk kez T\u00fcrkiye\u2019den okurlar\u0131yla \u0130stanbul Kitap Fuar\u0131\u2019nda bir araya gelecek. \u0130talya\u2019dan \u00e7ok say\u0131da \u00e7izerin konuk olaca\u011f\u0131 etkinlik ise 6 Kas\u0131m 2010 Cumartesi d\u00fczenlenecek.<\/p>\n<p style=\"text-align: center;\"><span style=\"text-decoration: underline;\"><strong>Kay\u0131p R\u0131ht\u0131m Fuar&#8217;da!<\/strong><\/span><\/p>\n<p>Ge\u00e7ti\u011fimiz y\u0131llarda oldu\u011fu gibi Kay\u0131p R\u0131ht\u0131m&#8217;dan bir ekip fuara kat\u0131lacak ve yine fantastik yan\u0131n\u0131 siz okuyuculara aktaracak. Bu y\u0131l ba\u015flatt\u0131klar\u0131 <a href=\"https:\/\/www.kayiprihtim.org\/portal\/2010\/09\/24\/okuyucular-merak-ediyor-kayip-rihtim-soruyor\/\">Okuyucular merak ediyor, Kay\u0131p R\u0131ht\u0131m<\/a> soruyor! kampanyas\u0131 dahilinde, bir\u00e7ok yay\u0131nevine okuyuculardan gelen sorular iletilecek.<\/p>\n<p>Fuar ile ilgili ayr\u0131nt\u0131l\u0131 ileti\u015fim bilgilerini almak i\u00e7in, sizleri <a href=\"http:\/\/www.tuyap.com.tr\/webpages\/kitapfuari\/index.php?main=ulasim\" target=\"_blank\" rel=\"nofollow noopener\"><strong>buraya<\/strong><\/a> davet ediyoruz!<\/p>\n","protected":false},"excerpt":{"rendered":"<p>Bu sene birbirinden \u00f6nemli etkinliklere ev sahipli\u011fi yapacak olan \u0130stanbul Kitap Fuar\u0131 30 Ekim 2010 Cumartesi g\u00fcn\u00fc kap\u0131lar\u0131n\u0131 kitapseverlere a\u00e7maya haz\u0131rlan\u0131yor&#8230; T\u00dcYAP T\u00fcm Fuarc\u0131l\u0131k Yap\u0131m A.\u015e. taraf\u0131ndan T\u00fcrkiye Yay\u0131nc\u0131lar Birli\u011fi i\u015fbirli\u011fi ile 30 Ekim-7 Kas\u0131m 2010 tarihleri aras\u0131nda T\u00dcYAP Fuar ve Kongre Merkezi- B\u00fcy\u00fck\u00e7ekmece\u2019de d\u00fczenlenecek olan 29. \u0130stanbul Kitap Fuar\u0131 550 yay\u0131nevi ve sivil toplum [&hellip;]<\/p>\n","protected":false},"author":1,"featured_media":0,"comment_status":"open","ping_status":"closed","sticky":false,"template":"","format":"standard","meta":{"_acf_changed":false,"footnotes":""},"categories":[69,978],"tags":[20],"class_list":{"0":"post-5418","1":"post","2":"type-post","3":"status-publish","4":"format-standard","6":"category-etkinlik","7":"category-kitap-fuarlari","8":"tag-istanbul-kitap-fuari"},"acf":[],"_links":{"self":[{"href":"https:\/\/www.kayiprihtim.org\/portal\/wp-json\/wp\/v2\/posts\/5418","targetHints":{"allow":["GET"]}}],"collection":[{"href":"https:\/\/www.kayiprihtim.org\/portal\/wp-json\/wp\/v2\/posts"}],"about":[{"href":"https:\/\/www.kayiprihtim.org\/portal\/wp-json\/wp\/v2\/types\/post"}],"author":[{"embeddable":true,"href":"https:\/\/www.kayiprihtim.org\/portal\/wp-json\/wp\/v2\/users\/1"}],"replies":[{"embeddable":true,"href":"https:\/\/www.kayiprihtim.org\/portal\/wp-json\/wp\/v2\/comments?post=5418"}],"version-history":[{"count":0,"href":"https:\/\/www.kayiprihtim.org\/portal\/wp-json\/wp\/v2\/posts\/5418\/revisions"}],"wp:attachment":[{"href":"https:\/\/www.kayiprihtim.org\/portal\/wp-json\/wp\/v2\/media?parent=5418"}],"wp:term":[{"taxonomy":"category","embeddable":true,"href":"https:\/\/www.kayiprihtim.org\/portal\/wp-json\/wp\/v2\/categories?post=5418"},{"taxonomy":"post_tag","embeddable":true,"href":"https:\/\/www.kayiprihtim.org\/portal\/wp-json\/wp\/v2\/tags?post=5418"}],"curies":[{"name":"wp","href":"https:\/\/api.w.org\/{rel}","templated":true}]}}