{"id":54413,"date":"2016-03-29T21:28:00","date_gmt":"2016-03-29T18:28:00","guid":{"rendered":"http:\/\/www.kayiprihtim.org\/portal\/?p=54413"},"modified":"2016-03-30T23:05:37","modified_gmt":"2016-03-30T20:05:37","slug":"bu-cumartesi-internet-yayinciligi-ve-elestirmenligi-soylesimiz-var","status":"publish","type":"post","link":"https:\/\/www.kayiprihtim.org\/portal\/2016\/03\/29\/bu-cumartesi-internet-yayinciligi-ve-elestirmenligi-soylesimiz-var\/","title":{"rendered":"Bu Cumartesi &#8220;\u0130nternet Yay\u0131nc\u0131l\u0131\u011f\u0131 ve Ele\u015ftirmenli\u011fi&#8221; S\u00f6yle\u015fimiz Var!"},"content":{"rendered":"<p><img fetchpriority=\"high\" decoding=\"async\" class=\"aligncenter size-full wp-image-54416\" src=\"https:\/\/www.kayiprihtim.org\/portal\/gorsel\/2016\/03\/kutuphane-haftasi_2016_5.jpg\" alt=\"kutuphane haftasi_2016_5\" width=\"467\" height=\"280\" srcset=\"https:\/\/www.kayiprihtim.org\/portal\/gorsel\/2016\/03\/kutuphane-haftasi_2016_5.jpg 500w, https:\/\/www.kayiprihtim.org\/portal\/gorsel\/2016\/03\/kutuphane-haftasi_2016_5-300x180.jpg 300w\" sizes=\"(max-width: 467px) 100vw, 467px\" \/><\/p>\n<p><span style=\"font-size: 12pt;\"><strong>Bu cumartesi saat 16:00\u2019te <span style=\"color: #993300;\">\u00d6zgen Berkol Do\u011fan Bilimkurgu K\u00fct\u00fcphanesi<\/span>\u2019nde s\u00f6yle\u015fimiz var!<\/strong><\/span><\/p>\n<p><strong>52. K\u00fct\u00fcphaneler Haftas\u0131<\/strong> \u015ferefine \u00f6n\u00fcm\u00fczdeki d\u00f6rt g\u00fcn\u00a0boyunca T\u00fcrkiye\u2019nin \u00f6nemli olu\u015fumlar\u0131ndan biri olan\u00a0<span style=\"color: #993300; font-size: 12pt;\"><strong>\u00d6zgen Berkol Do\u011fan Bilimkurgu K\u00fct\u00fcphanesi<\/strong><\/span>\u2019nde harika bir etkinlik d\u00fczenleniyor.<\/p>\n<p>Bizler de Kay\u0131p R\u0131ht\u0131m ekibi olarak bu etkinlik kapsam\u0131nda sizlerle bir s\u00f6yle\u015fi yapaca\u011f\u0131z. Site Kurucumuz <em><strong>Hakan Tun\u00e7<\/strong><\/em> ile Site Y\u00f6neticimiz <em><strong>Hazal \u00c7amur<\/strong><\/em>, 2 Nisan Cumartesi g\u00fcn\u00fc, saat 16:00\u2019te\u00a0<span style=\"color: #993300; font-size: 12pt;\"><strong>\u0130nternet Yay\u0131nc\u0131l\u0131\u011f\u0131 ve Ele\u015ftirmenli\u011fi<\/strong><\/span> adl\u0131 bir konuyla dinleyicilerin kar\u015f\u0131s\u0131na \u00e7\u0131kacak ve deneyimlerini payla\u015facaklar.<\/p>\n<p>Ayr\u0131ca de\u011ferli <em><strong>Sevin Okyay<\/strong><\/em>\u2019la <em>Fahrenheit 451 \u00d6zel G\u00f6sterimi<\/em> ile\u00a0<em><strong>Zeynep T\u00fcl Akbal S\u00fcalp<\/strong><\/em> ve kitap yazarlar\u0131yla\u00a0<em>K\u00fclkedisi Manifestolar\u0131<\/em> s\u00f6yle\u015fisi gibi etkinlikler de d\u00fczenlenecek<\/p>\n<p>Etkinlik sayfas\u0131na <a href=\"https:\/\/www.facebook.com\/events\/1703732703214173\/\" target=\"_blank\" rel=\"nofollow noopener\"><span style=\"font-size: 12pt;\"><strong>BURADAN<\/strong><\/span><\/a> ula\u015fabilirsiniz.<\/p>\n<p>Per\u015fembe g\u00fcn\u00fc ba\u015flayacak etkinliklerin program\u0131 \u015f\u00f6yle:<\/p>\n<p><strong><span style=\"font-size: 12pt;\">31 Mart Per\u015fembe 19:30<\/span><\/strong><\/p>\n<ul>\n<li>K\u00fclkedisi Manifestolar\u0131 \u00fczerine forum-s\u00f6yle\u015fi\n<ul>\n<li>Zeynep T\u00fcl Akbal S\u00fcalp ve Kitap Yazarlar\u0131<\/li>\n<\/ul>\n<\/li>\n<\/ul>\n<div><span style=\"font-size: 12pt;\"><strong>1 Nisan Cuma 19:00\u00a0<\/strong><\/span><\/div>\n<ul>\n<li>Fahrenheit 451 g\u00f6sterimi\n<ul>\n<li>Sevin OKYAY<\/li>\n<\/ul>\n<\/li>\n<\/ul>\n<div><span style=\"font-size: 12pt;\"><strong>2 Nisan Cumartesi 16:00<\/strong><\/span><\/div>\n<ul>\n<li>\u0130nternet Yay\u0131nc\u0131l\u0131\u011f\u0131 ve Ele\u015ftirmenli\u011fi\n<ul>\n<li>Hazal \u00c7AMUR<\/li>\n<li>Hakan TUN\u00c7<\/li>\n<\/ul>\n<\/li>\n<\/ul>\n<p><strong>Adres:<\/strong> Moda Cad. No:6\/1 Kad\u0131k\u00f6y &#8211; \u0130stanbul<br \/>\n<strong>\u0130leti\u015fim:<\/strong> (o216) 349 31 31<\/p>\n<p>Kat\u0131l\u0131m \u00fccretsizdir. \u0130lgili herkesi bekliyoruz.<\/p>\n","protected":false},"excerpt":{"rendered":"<p>Bu cumartesi saat 16:00\u2019te \u00d6zgen Berkol Do\u011fan Bilimkurgu K\u00fct\u00fcphanesi\u2019nde s\u00f6yle\u015fimiz var! 52. K\u00fct\u00fcphaneler Haftas\u0131 \u015ferefine \u00f6n\u00fcm\u00fczdeki d\u00f6rt g\u00fcn\u00a0boyunca T\u00fcrkiye\u2019nin \u00f6nemli olu\u015fumlar\u0131ndan biri olan\u00a0\u00d6zgen Berkol Do\u011fan Bilimkurgu K\u00fct\u00fcphanesi\u2019nde harika bir etkinlik d\u00fczenleniyor. Bizler de Kay\u0131p R\u0131ht\u0131m ekibi olarak bu etkinlik kapsam\u0131nda sizlerle bir s\u00f6yle\u015fi yapaca\u011f\u0131z. Site Kurucumuz Hakan Tun\u00e7 ile Site Y\u00f6neticimiz Hazal \u00c7amur, 2 Nisan [&hellip;]<\/p>\n","protected":false},"author":57,"featured_media":54416,"comment_status":"open","ping_status":"closed","sticky":false,"template":"","format":"standard","meta":{"_acf_changed":false,"footnotes":""},"categories":[2405,69,6],"tags":[1189,599,1252,9821,9194,9824,9822,3060,46,3445,9823],"class_list":{"0":"post-54413","1":"post","2":"type-post","3":"status-publish","4":"format-standard","5":"has-post-thumbnail","7":"category-dosya","8":"category-etkinlik","9":"category-kayip-rihtim","10":"tag-fahrenheit-451","11":"tag-hakan-tunc","12":"tag-hazal-camur","13":"tag-internet-yayinciligi-ve-elestirmenligi","14":"tag-kayip-rihtim","15":"tag-kulkedisi-manifestolari","16":"tag-kutuphaneler-haftasi","17":"tag-ozgen-berkol-dogan-bilimkurgu-kutuphanesi","18":"tag-sevin-okyay","19":"tag-soylesi","20":"tag-zeynep-tul-akbal-sualp"},"acf":[],"_links":{"self":[{"href":"https:\/\/www.kayiprihtim.org\/portal\/wp-json\/wp\/v2\/posts\/54413","targetHints":{"allow":["GET"]}}],"collection":[{"href":"https:\/\/www.kayiprihtim.org\/portal\/wp-json\/wp\/v2\/posts"}],"about":[{"href":"https:\/\/www.kayiprihtim.org\/portal\/wp-json\/wp\/v2\/types\/post"}],"author":[{"embeddable":true,"href":"https:\/\/www.kayiprihtim.org\/portal\/wp-json\/wp\/v2\/users\/57"}],"replies":[{"embeddable":true,"href":"https:\/\/www.kayiprihtim.org\/portal\/wp-json\/wp\/v2\/comments?post=54413"}],"version-history":[{"count":0,"href":"https:\/\/www.kayiprihtim.org\/portal\/wp-json\/wp\/v2\/posts\/54413\/revisions"}],"wp:featuredmedia":[{"embeddable":true,"href":"https:\/\/www.kayiprihtim.org\/portal\/wp-json\/wp\/v2\/media\/54416"}],"wp:attachment":[{"href":"https:\/\/www.kayiprihtim.org\/portal\/wp-json\/wp\/v2\/media?parent=54413"}],"wp:term":[{"taxonomy":"category","embeddable":true,"href":"https:\/\/www.kayiprihtim.org\/portal\/wp-json\/wp\/v2\/categories?post=54413"},{"taxonomy":"post_tag","embeddable":true,"href":"https:\/\/www.kayiprihtim.org\/portal\/wp-json\/wp\/v2\/tags?post=54413"}],"curies":[{"name":"wp","href":"https:\/\/api.w.org\/{rel}","templated":true}]}}