{"id":54430,"date":"2016-03-30T04:29:45","date_gmt":"2016-03-30T01:29:45","guid":{"rendered":"http:\/\/www.kayiprihtim.org\/portal\/?p=54430"},"modified":"2016-03-30T16:18:52","modified_gmt":"2016-03-30T13:18:52","slug":"izmircon16-fantastik-oyku-yarismasinda-sona-dogru","status":"publish","type":"post","link":"https:\/\/www.kayiprihtim.org\/portal\/2016\/03\/30\/izmircon16-fantastik-oyku-yarismasinda-sona-dogru\/","title":{"rendered":"\u0130zmirCon&#8217;16 Fantastik \u00d6yk\u00fc Yar\u0131\u015fmas\u0131&#8217;nda Sona Do\u011fru!"},"content":{"rendered":"<p><img fetchpriority=\"high\" decoding=\"async\" class=\"aligncenter wp-image-54431\" src=\"https:\/\/www.kayiprihtim.org\/portal\/gorsel\/2016\/03\/izmircon16.jpg\" alt=\"izmircon16\" width=\"467\" height=\"252\" srcset=\"https:\/\/www.kayiprihtim.org\/portal\/gorsel\/2016\/03\/izmircon16.jpg 500w, https:\/\/www.kayiprihtim.org\/portal\/gorsel\/2016\/03\/izmircon16-300x162.jpg 300w\" sizes=\"(max-width: 467px) 100vw, 467px\" \/><\/p>\n<p><span style=\"font-size: 12pt;\"><strong><span style=\"color: #993300;\"><a style=\"color: #993300;\" href=\"https:\/\/www.facebook.com\/IzmirCon\/?fref=photo\" target=\"_blank\" rel=\"nofollow noopener\">\u0130zmirCon<\/a><\/span>\u2019un d\u00fczenledi\u011fi <span style=\"color: #993300;\">Fantastik \u00d6yk\u00fc Yar\u0131\u015fmas\u0131<\/span>\u2019nda son g\u00fcnlere girildi!<\/strong><\/span><\/p>\n<p>Son kat\u0131l\u0131m tarihi <strong>3 Nisan 2016<\/strong> olan yar\u0131\u015fman\u0131n j\u00fcrisinde\u00a0<em>I\u015f\u0131n Beril Tetik, Galip Dursun<\/em> ve <em>Kayra Keri K\u00fcp\u00e7\u00fc<\/em>\u2019y\u00fc g\u00f6r\u00fcyoruz.<\/p>\n<p>Yar\u0131\u015fman\u0131n \u015fartlar\u0131n\u0131 ve \u00f6d\u00fclleri gelin hep beraber hat\u0131rlayal\u0131m:<\/p>\n<p style=\"padding-left: 30px;\"><span style=\"font-size: 12pt;\"><strong>YARI\u015eMA \u015eARTLARI<\/strong><\/span><br \/>\n1) \u00d6yk\u00fc dosyas\u0131, 12 punto ile Arial yaz\u0131 tipiyle bir Word dosyas\u0131 olarak haz\u0131rlanacakt\u0131r.<br \/>\n2) \u00d6yk\u00fcler 1500 kelimeyi ge\u00e7meyecektir.<br \/>\n3) Yar\u0131\u015fman\u0131n temas\u0131 <strong>Orta Asya T\u00fcrk Fantazyas\u0131<\/strong>\u2019d\u0131r. Yazarlardan beklenen mitolojinin birebir anlat\u0131s\u0131 de\u011fil, yar\u0131\u015fma temas\u0131na uygun motifler i\u00e7eren \u00f6zg\u00fcn fantastik \u00f6yk\u00fcler yazmalar\u0131d\u0131r.<br \/>\n4) \u00d6yk\u00fc dosyalar\u0131na yar\u0131\u015fmac\u0131 se\u00e7ece\u011fi 5 harfli bir rumuz ile ba\u015fl\u0131k atacakt\u0131r ve dosya i\u00e7erisine kimli\u011fi ile ilgili hi\u00e7bir bilgi yazmayacakt\u0131r.<br \/>\n5) <a href=\"http:\/\/Yarisma@izmircon.org\" target=\"_blank\" rel=\"nofollow noopener\">Yarisma@izmircon.org<\/a> adresine; yazar\u0131n ad\u0131n\u0131, ileti\u015fim bilgilerini ve k\u0131sa \u00f6zge\u00e7mi\u015fini i\u00e7eren ve ekinde \u00f6yk\u00fc dosyas\u0131 yer alan bir e-posta at\u0131larak yar\u0131\u015fmaya kat\u0131l\u0131m sa\u011flanacakt\u0131r.<br \/>\n6) Her yazar bir \u00f6yk\u00fcyle yar\u0131\u015fmaya kat\u0131labilir. Kat\u0131lacak \u00f6yk\u00fclerin daha \u00f6nce hi\u00e7bir yaz\u0131l\u0131-g\u00f6rsel ortamda yay\u0131mlanmam\u0131\u015f olmas\u0131 gerekmektedir.<br \/>\n7) Yar\u0131\u015fmaya Kule Sakinleri Rol Yapma ve Strateji Oyunlar\u0131 Derne\u011fi \u00fcyeleri kat\u0131lamaz.<br \/>\n8) \u00d6yk\u00fcleri g\u00f6ndermek i\u00e7in son tarih 3 Nisan 2016\u2019d\u0131r.<\/p>\n<p><span style=\"font-size: 12pt;\"><strong>\u00d6D\u00dcLLER<\/strong><\/span><\/p>\n<p style=\"padding-left: 30px;\">Kazanan \u00f6yk\u00fcler \u0130zmirCon\u201916 etkinli\u011finde duyurulacakt\u0131r ve etkinlik s\u0131ras\u0131nda bas\u0131lacak \u201c<strong>Mahzen Dergi<\/strong>\u201d ile yay\u0131mlanacakt\u0131r. Ayr\u0131ca birinci olan yar\u0131\u015fmac\u0131 10 kitapl\u0131k fantastik edebiyat seti, ikinci olan yar\u0131\u015fmac\u0131 6 kitapl\u0131k fantastik edebiyat seti ve \u00fc\u00e7\u00fcnc\u00fc olan yar\u0131\u015fmac\u0131 3 kitapl\u0131k fantastik edebiyat seti kazanacakt\u0131r.<\/p>\n<p><span style=\"font-size: 12pt; color: #993300;\"><strong>\u0130zmirCon<\/strong><\/span>\u2019daki di\u011fer geli\u015fmeleri <strong><a href=\"https:\/\/www.facebook.com\/IzmirCon\" target=\"_blank\" rel=\"nofollow noopener\">buradan<\/a><\/strong> takip etmeniz m\u00fcmk\u00fcn. Yar\u0131\u015fma i\u00e7in de elinizi \u00e7abuk tutun deriz!<\/p>\n","protected":false},"excerpt":{"rendered":"<p>\u0130zmirCon\u2019un d\u00fczenledi\u011fi Fantastik \u00d6yk\u00fc Yar\u0131\u015fmas\u0131\u2019nda son g\u00fcnlere girildi! Son kat\u0131l\u0131m tarihi 3 Nisan 2016 olan yar\u0131\u015fman\u0131n j\u00fcrisinde\u00a0I\u015f\u0131n Beril Tetik, Galip Dursun ve Kayra Keri K\u00fcp\u00e7\u00fc\u2019y\u00fc g\u00f6r\u00fcyoruz. Yar\u0131\u015fman\u0131n \u015fartlar\u0131n\u0131 ve \u00f6d\u00fclleri gelin hep beraber hat\u0131rlayal\u0131m: YARI\u015eMA \u015eARTLARI 1) \u00d6yk\u00fc dosyas\u0131, 12 punto ile Arial yaz\u0131 tipiyle bir Word dosyas\u0131 olarak haz\u0131rlanacakt\u0131r. 2) \u00d6yk\u00fcler 1500 kelimeyi ge\u00e7meyecektir. [&hellip;]<\/p>\n","protected":false},"author":10,"featured_media":54431,"comment_status":"open","ping_status":"closed","sticky":false,"template":"","format":"standard","meta":{"_acf_changed":false,"footnotes":""},"categories":[1801,69],"tags":[9829,1546,2199,68,515,9830],"class_list":{"0":"post-54430","1":"post","2":"type-post","3":"status-publish","4":"format-standard","5":"has-post-thumbnail","7":"category-edebiyat-odulleri","8":"category-etkinlik","9":"tag-fantastik-oyku-yarismasi","10":"tag-galip-dursun","11":"tag-isin-beril-tetik","12":"tag-izmircon","13":"tag-kayra-keri-kupcu","14":"tag-mahzen-dergi","15":"kose_yazari-onur-selamet-arsivi"},"acf":[],"_links":{"self":[{"href":"https:\/\/www.kayiprihtim.org\/portal\/wp-json\/wp\/v2\/posts\/54430","targetHints":{"allow":["GET"]}}],"collection":[{"href":"https:\/\/www.kayiprihtim.org\/portal\/wp-json\/wp\/v2\/posts"}],"about":[{"href":"https:\/\/www.kayiprihtim.org\/portal\/wp-json\/wp\/v2\/types\/post"}],"author":[{"embeddable":true,"href":"https:\/\/www.kayiprihtim.org\/portal\/wp-json\/wp\/v2\/users\/10"}],"replies":[{"embeddable":true,"href":"https:\/\/www.kayiprihtim.org\/portal\/wp-json\/wp\/v2\/comments?post=54430"}],"version-history":[{"count":0,"href":"https:\/\/www.kayiprihtim.org\/portal\/wp-json\/wp\/v2\/posts\/54430\/revisions"}],"wp:featuredmedia":[{"embeddable":true,"href":"https:\/\/www.kayiprihtim.org\/portal\/wp-json\/wp\/v2\/media\/54431"}],"wp:attachment":[{"href":"https:\/\/www.kayiprihtim.org\/portal\/wp-json\/wp\/v2\/media?parent=54430"}],"wp:term":[{"taxonomy":"category","embeddable":true,"href":"https:\/\/www.kayiprihtim.org\/portal\/wp-json\/wp\/v2\/categories?post=54430"},{"taxonomy":"post_tag","embeddable":true,"href":"https:\/\/www.kayiprihtim.org\/portal\/wp-json\/wp\/v2\/tags?post=54430"}],"curies":[{"name":"wp","href":"https:\/\/api.w.org\/{rel}","templated":true}]}}