{"id":54437,"date":"2016-03-31T10:07:46","date_gmt":"2016-03-31T07:07:46","guid":{"rendered":"http:\/\/www.kayiprihtim.org\/portal\/?p=54437"},"modified":"2016-03-31T10:07:46","modified_gmt":"2016-03-31T07:07:46","slug":"post-oyku-2-3-cikti","status":"publish","type":"post","link":"https:\/\/www.kayiprihtim.org\/portal\/2016\/03\/31\/post-oyku-2-3-cikti\/","title":{"rendered":"Post \u00d6yk\u00fc 2.3 \u00c7\u0131kt\u0131!"},"content":{"rendered":"<p><img fetchpriority=\"high\" decoding=\"async\" class=\"aligncenter wp-image-54439\" src=\"https:\/\/www.kayiprihtim.org\/portal\/gorsel\/2016\/03\/post-oyku9-ust.jpg\" alt=\"post-oyku9-ust\" width=\"467\" height=\"246\" srcset=\"https:\/\/www.kayiprihtim.org\/portal\/gorsel\/2016\/03\/post-oyku9-ust.jpg 500w, https:\/\/www.kayiprihtim.org\/portal\/gorsel\/2016\/03\/post-oyku9-ust-300x158.jpg 300w\" sizes=\"(max-width: 467px) 100vw, 467px\" \/><\/p>\n<p><span style=\"font-size: 12pt;\"><strong><span style=\"color: #993300;\">Post \u00d6yk\u00fc<\/span> dergisi <span style=\"color: #993300;\">Mart &#8211; Nisan 2016<\/span> tarihli yeni say\u0131s\u0131yla raflardaki yerini ald\u0131!<\/strong><\/span><\/p>\n<p><strong>Post<\/strong>&#8216;un bu say\u0131s\u0131nda\u00a0<em>Acaib\u00fc\u2019l Mahlukat At\u00f6lyesi<\/em>\u2019ne 2 yeni mahluk ekleniyor:\u00a0<strong>Gulyabani<\/strong> ve <strong>\u015eahmaran<\/strong>!\u00a0<em>\u0130rem Ertu\u011frul, Arda Arel, B\u00fclent Ayy\u0131ld\u0131z<\/em> ve <em>Hikmet Hikme<\/em>t bu say\u0131n\u0131n at\u00f6lye yazarlar\u0131.<\/p>\n<p><a href=\"https:\/\/www.kayiprihtim.org\/portal\/gorsel\/2016\/03\/post-oyku9.jpg\"><img decoding=\"async\" class=\"alignright wp-image-54438\" src=\"https:\/\/www.kayiprihtim.org\/portal\/gorsel\/2016\/03\/post-oyku9-214x300.jpg\" alt=\"post-oyku9\" width=\"180\" height=\"252\" srcset=\"https:\/\/www.kayiprihtim.org\/portal\/gorsel\/2016\/03\/post-oyku9-214x300.jpg 214w, https:\/\/www.kayiprihtim.org\/portal\/gorsel\/2016\/03\/post-oyku9-731x1024.jpg 731w, https:\/\/www.kayiprihtim.org\/portal\/gorsel\/2016\/03\/post-oyku9.jpg 1462w\" sizes=\"(max-width: 180px) 100vw, 180px\" \/><\/a><strong>Zeynep \u015e\u00fcheda Ba\u015faran<\/strong>\u2019\u0131n \u00e7evirisiyle\u00a0\u201c<em>Kurt Vonnegut\u2019a G\u00f6re \u00d6yk\u00fcn\u00fcn \u015eekilleri<\/em>\u201dni de bar\u0131nd\u0131ran dokuzuncu say\u0131 ile, <strong>Necip Tosun<\/strong>&#8216;un\u00a0\u201c<em>\u00d6yk\u00fcc\u00fcn\u00fcn G\u00fcnl\u00fc\u011f\u00fc<\/em>\u201d ve <strong>Remzi \u015eim\u015fek<\/strong>&#8216;in \u201c<em>Dergilerde \u00d6yk\u00fcler<\/em>\u201d b\u00f6l\u00fcmleri t\u00fcm h\u0131z\u0131yla devam ediyor!<\/p>\n<p><em>Abdullah Harmanc\u0131, Cem Sancar, Fatma \u0130\u015fler, Bet\u00fcl Nurata, Ahmet Topba\u015f, Hasan \u015eent\u00fcrk<\/em>\u00a0ve <em>Mevsim Yenice<\/em> bu say\u0131n\u0131n \u00f6yk\u00fcc\u00fcleri.<\/p>\n<p><strong>Burcu Bayer<\/strong>, \u201c<em>Bir K\u0131\u015f Gecesi E\u011fer Bir Divana Kurulursan\u0131z Okuyaca\u011f\u0131n\u0131z Kitaplar<\/em>\u201d yaz\u0131s\u0131yla bizlere harika \u00f6neriler sunuyor. <em>Nurseli Gamze Korkmaz, D\u00fcrdane \u00c7\u0131nar<\/em> ve <em>Do\u011fukan \u0130\u015fler<\/em> de <strong>Post Kitap<\/strong>\u2019\u0131n bu say\u0131daki di\u011fer\u00a0anlat\u0131c\u0131lar\u0131.<\/p>\n<p>Haldun Taner \u00d6yk\u00fc \u00d6d\u00fcl\u00fc sahibi <strong>Neslihan \u00d6ndero\u011flu<\/strong> ile de bir s\u00f6yle\u015fiyi bar\u0131nd\u0131ran <strong>Post<\/strong>&#8216;u, ka\u00e7\u0131rmak istemeyeceksiniz!<\/p>\n","protected":false},"excerpt":{"rendered":"<p>Post \u00d6yk\u00fc dergisi Mart &#8211; Nisan 2016 tarihli yeni say\u0131s\u0131yla raflardaki yerini ald\u0131! Post&#8216;un bu say\u0131s\u0131nda\u00a0Acaib\u00fc\u2019l Mahlukat At\u00f6lyesi\u2019ne 2 yeni mahluk ekleniyor:\u00a0Gulyabani ve \u015eahmaran!\u00a0\u0130rem Ertu\u011frul, Arda Arel, B\u00fclent Ayy\u0131ld\u0131z ve Hikmet Hikmet bu say\u0131n\u0131n at\u00f6lye yazarlar\u0131. Zeynep \u015e\u00fcheda Ba\u015faran\u2019\u0131n \u00e7evirisiyle\u00a0\u201cKurt Vonnegut\u2019a G\u00f6re \u00d6yk\u00fcn\u00fcn \u015eekilleri\u201dni de bar\u0131nd\u0131ran dokuzuncu say\u0131 ile, Necip Tosun&#8216;un\u00a0\u201c\u00d6yk\u00fcc\u00fcn\u00fcn G\u00fcnl\u00fc\u011f\u00fc\u201d ve Remzi \u015eim\u015fek&#8216;in [&hellip;]<\/p>\n","protected":false},"author":10,"featured_media":54439,"comment_status":"open","ping_status":"closed","sticky":false,"template":"","format":"standard","meta":{"_acf_changed":false,"footnotes":""},"categories":[1241],"tags":[1315,7085,8376,7084],"class_list":{"0":"post-54437","1":"post","2":"type-post","3":"status-publish","4":"format-standard","5":"has-post-thumbnail","7":"category-dergiler","8":"tag-kurt-vonnegut","9":"tag-necip-tosun","10":"tag-neslihan-onderoglu","11":"tag-post-oyku","12":"kose_yazari-onur-selamet-arsivi"},"acf":[],"_links":{"self":[{"href":"https:\/\/www.kayiprihtim.org\/portal\/wp-json\/wp\/v2\/posts\/54437","targetHints":{"allow":["GET"]}}],"collection":[{"href":"https:\/\/www.kayiprihtim.org\/portal\/wp-json\/wp\/v2\/posts"}],"about":[{"href":"https:\/\/www.kayiprihtim.org\/portal\/wp-json\/wp\/v2\/types\/post"}],"author":[{"embeddable":true,"href":"https:\/\/www.kayiprihtim.org\/portal\/wp-json\/wp\/v2\/users\/10"}],"replies":[{"embeddable":true,"href":"https:\/\/www.kayiprihtim.org\/portal\/wp-json\/wp\/v2\/comments?post=54437"}],"version-history":[{"count":0,"href":"https:\/\/www.kayiprihtim.org\/portal\/wp-json\/wp\/v2\/posts\/54437\/revisions"}],"wp:featuredmedia":[{"embeddable":true,"href":"https:\/\/www.kayiprihtim.org\/portal\/wp-json\/wp\/v2\/media\/54439"}],"wp:attachment":[{"href":"https:\/\/www.kayiprihtim.org\/portal\/wp-json\/wp\/v2\/media?parent=54437"}],"wp:term":[{"taxonomy":"category","embeddable":true,"href":"https:\/\/www.kayiprihtim.org\/portal\/wp-json\/wp\/v2\/categories?post=54437"},{"taxonomy":"post_tag","embeddable":true,"href":"https:\/\/www.kayiprihtim.org\/portal\/wp-json\/wp\/v2\/tags?post=54437"}],"curies":[{"name":"wp","href":"https:\/\/api.w.org\/{rel}","templated":true}]}}