{"id":55061,"date":"2016-04-19T13:33:27","date_gmt":"2016-04-19T10:33:27","guid":{"rendered":"http:\/\/www.kayiprihtim.org\/portal\/?p=55061"},"modified":"2016-04-19T13:33:27","modified_gmt":"2016-04-19T10:33:27","slug":"parlayan-sozler-cikti","status":"publish","type":"post","link":"https:\/\/www.kayiprihtim.org\/portal\/2016\/04\/19\/parlayan-sozler-cikti\/","title":{"rendered":"Parlayan S\u00f6zler \u00c7\u0131kt\u0131"},"content":{"rendered":"<p><img fetchpriority=\"high\" decoding=\"async\" class=\"aligncenter size-full wp-image-55063\" src=\"https:\/\/www.kayiprihtim.org\/portal\/gorsel\/2016\/04\/parlayan-sozler-ust.jpg\" alt=\"parlayan-sozler-ust\" width=\"467\" height=\"281\" srcset=\"https:\/\/www.kayiprihtim.org\/portal\/gorsel\/2016\/04\/parlayan-sozler-ust.jpg 500w, https:\/\/www.kayiprihtim.org\/portal\/gorsel\/2016\/04\/parlayan-sozler-ust-300x181.jpg 300w\" sizes=\"(max-width: 467px) 100vw, 467px\" \/><\/p>\n<p><span style=\"font-size: 12pt;\"><strong>Brandon Sanderson\u2019\u0131n <span style=\"color: #993300;\">F\u0131rt\u0131na\u0131\u015f\u0131\u011f\u0131 Ar\u015fivi Serisi<\/span>\u2019nin ikinci cildi <span style=\"color: #993300;\">Parlayan S\u00f6zler<\/span> sonunda bizlerle.<\/strong><\/span><\/p>\n<p>\u00c7ok bekledik belki ama sonunda mutlu sona kavu\u015ftuk. \u0130lk cildine 2014\u2019\u00fcn haziran\u00a0ay\u0131nda <strong><a href=\"https:\/\/www.kayiprihtim.org\/portal\/2014\/06\/01\/krallarin-yolu-cikti\/\" target=\"_blank\">kavu\u015ftu\u011fumuz<\/a><\/strong>, epik fantastik t\u00fcr\u00fcn\u00fcn son y\u0131llardaki en iyi \u00f6rneklerinden biri olarak kabul edilen <strong>F\u0131rt\u0131na\u0131\u015f\u0131\u011f\u0131 Ar\u015fivi Serisi<\/strong>\u2019nin ikinci kitab\u0131 <span style=\"color: #993300; font-size: 12pt;\"><strong>Parlayan S\u00f6zler<\/strong><\/span> nihayet bizlerle!<\/p>\n<p>T\u0131pk\u0131 ilki gibi yine 1000 k\u00fcsur sayfadan olu\u015fan roman\u0131m\u0131z\u0131n arka kapak yaz\u0131s\u0131 ve konusu \u015f\u00f6yle:<\/p>\n<blockquote><p><img decoding=\"async\" class=\"size-full wp-image-55062 alignright\" src=\"https:\/\/www.kayiprihtim.org\/portal\/gorsel\/2016\/04\/parlayan-sozler.jpg\" alt=\"parlayan-sozler\" width=\"200\" height=\"291\" \/>Parlayan \u015e\u00f6valyeler bir kez daha dayanmak zorunda.<\/p>\n<p>Kadim yeminler en sonunda dillendirildi, sprenler geri d\u00f6nd\u00fc. Kay\u0131p olan\u0131 ar\u0131yor herkes; korkar\u0131m ki bu aray\u0131\u015f sonlar\u0131 olacak. Ama b\u00fcy\u00fcn\u00fcn do\u011fas\u0131nda var bu. Ne de olsa harap ruhlar\u0131n, i\u00e7ine ba\u015fka bir \u015feylerin yer edebilece\u011fi defolar\u0131 olur. Bizzat yarad\u0131l\u0131\u015f\u0131n g\u00fcc\u00fc olan Dalgaba\u011flamalar, harap bir ruhu tamir edebilecekleri gibi derinliklerine s\u0131z\u0131p yaralar\u0131n\u0131 da geni\u015fletebilirler. R\u00fczg\u00e2rko\u015fucu, intikam ve onurun s\u0131n\u0131rlar\u0131 aras\u0131nda dengelenmi\u015f, mahvolmu\u015f bir d\u00fcnyada kay\u0131p. Yava\u015f yava\u015f ge\u00e7mi\u015fi taraf\u0131ndan yok edilmekte olan I\u015f\u0131k\u00f6ren, d\u00f6n\u00fc\u015fmekte oldu\u011fu yalan\u0131 aramakla me\u015fgul. Kan ve \u00f6l\u00fcmle do\u011fan Ba\u011fd\u00f6k\u00fcmc\u00fc yok edilenleri yeniden var etmeye \u00e7abal\u0131yor. \u0130ki insan\u0131n kaderleri aras\u0131nda gidip gelen K\u00e2\u015fif ise yava\u015f bir \u00f6l\u00fcm ve t\u00fcm inand\u0131klar\u0131na korkun\u00e7 bir \u015fekilde ihanet etmek aras\u0131nda bir se\u00e7im yapmak zorunda. Onlar i\u00e7in uyan\u0131\u015f zaman\u0131 \u00e7oktan geldi ge\u00e7ti, \u00e7\u00fcnk\u00fc Dinmezf\u0131rt\u0131na tepelerine binmek \u00fczere. Ayr\u0131ca Beyazl\u0131 Suikast\u00e7\u0131 da geldi.<\/p>\n<p>\u201cHer anlamda tam bir ba\u015fyap\u0131t. Sanderson, farkl\u0131 farkl\u0131 karakterleri ve hik\u00e2ye ilerledik\u00e7e ad\u0131m ad\u0131m \u00f6n\u00fcm\u00fcze serilen muazzam tarihiyle capcanl\u0131 ve etkileyici bir d\u00fcnya yaratm\u0131\u015f.\u201d<br \/>\n-The Guardian-<\/p>\n<p>\u201cHi\u00e7 \u015f\u00fcphe yok ki, Sanderson da ad\u0131 Tolkien, Leiber, Moorcock, Jordan ve George R. R. Martin ile birlikte an\u0131lacak yazarlardan biri olacak.\u201d<br \/>\n-Sffworld-<\/p><\/blockquote>\n<p>\u00c7evirisini <em><strong>Can Sevin\u00e7<\/strong><\/em>\u2019in, son okumas\u0131n\u0131 <em><strong>Koray Sel<\/strong><\/em>\u2019in, edit\u00f6rl\u00fc\u011f\u00fcn\u00fc ise <em><strong>Serdar Tosun<\/strong><\/em>\u2019un \u00fcstlendi\u011fi 1016 sayfal\u0131k kitap \u015fu anda sat\u0131\u015fta. Keyifli okumalar dileriz!<\/p>\n","protected":false},"excerpt":{"rendered":"<p>Brandon Sanderson\u2019\u0131n F\u0131rt\u0131na\u0131\u015f\u0131\u011f\u0131 Ar\u015fivi Serisi\u2019nin ikinci cildi Parlayan S\u00f6zler sonunda bizlerle. \u00c7ok bekledik belki ama sonunda mutlu sona kavu\u015ftuk. \u0130lk cildine 2014\u2019\u00fcn haziran\u00a0ay\u0131nda kavu\u015ftu\u011fumuz, epik fantastik t\u00fcr\u00fcn\u00fcn son y\u0131llardaki en iyi \u00f6rneklerinden biri olarak kabul edilen F\u0131rt\u0131na\u0131\u015f\u0131\u011f\u0131 Ar\u015fivi Serisi\u2019nin ikinci kitab\u0131 Parlayan S\u00f6zler nihayet bizlerle! T\u0131pk\u0131 ilki gibi yine 1000 k\u00fcsur sayfadan olu\u015fan roman\u0131m\u0131z\u0131n arka [&hellip;]<\/p>\n","protected":false},"author":57,"featured_media":55063,"comment_status":"open","ping_status":"closed","sticky":false,"template":"","format":"standard","meta":{"_acf_changed":false,"footnotes":""},"categories":[3],"tags":[1897,109,1714,2563,9592,3672,9342],"class_list":{"0":"post-55061","1":"post","2":"type-post","3":"status-publish","4":"format-standard","5":"has-post-thumbnail","7":"category-fantastik-kitaplar","8":"tag-akilcelen-kitaplar","9":"tag-brandon-sanderson","10":"tag-can-sevinc","11":"tag-firtinaisigi-arsivi","12":"tag-koray-sel","13":"tag-parlayan-sozler","14":"tag-serdar-tosun","15":"kose_yazari-m-ihsan-tatari-arsivi"},"acf":[],"_links":{"self":[{"href":"https:\/\/www.kayiprihtim.org\/portal\/wp-json\/wp\/v2\/posts\/55061","targetHints":{"allow":["GET"]}}],"collection":[{"href":"https:\/\/www.kayiprihtim.org\/portal\/wp-json\/wp\/v2\/posts"}],"about":[{"href":"https:\/\/www.kayiprihtim.org\/portal\/wp-json\/wp\/v2\/types\/post"}],"author":[{"embeddable":true,"href":"https:\/\/www.kayiprihtim.org\/portal\/wp-json\/wp\/v2\/users\/57"}],"replies":[{"embeddable":true,"href":"https:\/\/www.kayiprihtim.org\/portal\/wp-json\/wp\/v2\/comments?post=55061"}],"version-history":[{"count":0,"href":"https:\/\/www.kayiprihtim.org\/portal\/wp-json\/wp\/v2\/posts\/55061\/revisions"}],"wp:featuredmedia":[{"embeddable":true,"href":"https:\/\/www.kayiprihtim.org\/portal\/wp-json\/wp\/v2\/media\/55063"}],"wp:attachment":[{"href":"https:\/\/www.kayiprihtim.org\/portal\/wp-json\/wp\/v2\/media?parent=55061"}],"wp:term":[{"taxonomy":"category","embeddable":true,"href":"https:\/\/www.kayiprihtim.org\/portal\/wp-json\/wp\/v2\/categories?post=55061"},{"taxonomy":"post_tag","embeddable":true,"href":"https:\/\/www.kayiprihtim.org\/portal\/wp-json\/wp\/v2\/tags?post=55061"}],"curies":[{"name":"wp","href":"https:\/\/api.w.org\/{rel}","templated":true}]}}