{"id":55476,"date":"2016-05-05T10:30:50","date_gmt":"2016-05-05T07:30:50","guid":{"rendered":"http:\/\/www.kayiprihtim.org\/portal\/?p=55476"},"modified":"2016-05-05T10:30:50","modified_gmt":"2016-05-05T07:30:50","slug":"soylenti-ben-affleckin-batman-filminde-bir-suru-kotu-adam-olacak","status":"publish","type":"post","link":"https:\/\/www.kayiprihtim.org\/portal\/2016\/05\/05\/soylenti-ben-affleckin-batman-filminde-bir-suru-kotu-adam-olacak\/","title":{"rendered":"S\u00f6ylenti: Ben Affleck&#8217;in Batman Filminde Bir S\u00fcr\u00fc K\u00f6t\u00fc Adam Olacak"},"content":{"rendered":"<p><img fetchpriority=\"high\" decoding=\"async\" class=\"aligncenter size-full wp-image-55477\" src=\"https:\/\/www.kayiprihtim.org\/portal\/gorsel\/2016\/05\/batman-ben-affleck.jpg\" alt=\"batman-ben-affleck\" width=\"467\" height=\"248\" srcset=\"https:\/\/www.kayiprihtim.org\/portal\/gorsel\/2016\/05\/batman-ben-affleck.jpg 500w, https:\/\/www.kayiprihtim.org\/portal\/gorsel\/2016\/05\/batman-ben-affleck-300x159.jpg 300w\" sizes=\"(max-width: 467px) 100vw, 467px\" \/><\/p>\n<p><span style=\"font-size: 12pt;\"><b><span style=\"color: #993300;\">Ben Affleck<\/span>\u2019in yaz\u0131p y\u00f6netece\u011fi ve ayn\u0131 zamanda ba\u015frol\u00fcnde oynayaca\u011f\u0131 filmde, <span style=\"color: #993300;\">Batman<\/span>\u2019in d\u00fc\u015fmanlar\u0131ndan pek \u00e7o\u011fuyla kar\u015f\u0131la\u015faca\u011f\u0131z gibi duruyor.<\/b><\/span><\/p>\n<p><em>Birth.Movies.Death<\/em> sitesinin <a href=\"http:\/\/birthmoviesdeath.com\/2016\/05\/01\/you-will-probably-see-your-favorite-villain-in-afflecks-batman-movie\" target=\"_blank\" rel=\"nofollow noopener\"><b>haberine<\/b><\/a> g\u00f6re, film yayg\u0131n kan\u0131n\u0131n aksine bir <i><b><a href=\"https:\/\/www.kayiprihtim.org\/portal\/2015\/11\/03\/soylenti-bir-sonraki-batman-filmi-red-hoodu-konu-alabilir\/\" target=\"_blank\">Under the Red Hood<\/a>\u00a0<\/b><\/i>uyarlamas\u0131 olmayacak. Bunun yerine hepsi olmasa da pek \u00e7ok k\u00f6t\u00fc adam\u0131n k\u0131sa s\u00fcreli de olsa g\u00f6r\u00fcnece\u011fi bir film olacak.<\/p>\n<p>Al\u0131nan duyumlara g\u00f6re, <b>Ben Affleck<\/b>\u00a0ile\u00a0yazar <b>Geoff Johns<\/b> eksiksiz ve asl\u0131na sad\u0131k bir Batman filmi yapmak istiyor ve e\u011fer haberler do\u011fruysa bunun i\u00e7in b\u00fct\u00fcn imkanlar\u0131 kullanacaklarm\u0131\u015f gibi g\u00f6r\u00fcn\u00fcyor.<\/p>\n<p>Ayr\u0131ca <b>Matt Damon<\/b>\u2019\u0131n da bu filmde yer alaca\u011f\u0131 ve belki de <i><b>Hush<\/b><\/i> rol\u00fcnde oynayaca\u011f\u0131 uzun s\u00fcredir yap\u0131lan dedikolar aras\u0131nda.<\/p>\n<p>Ben Affleck\u2019in <span style=\"color: #993300; font-size: 12pt;\"><strong>Batman \u00a0<\/strong><\/span>filminin 2016 ila 2020 aras\u0131ndaki bir tarihte vizyona girmesi planlan\u0131yor.<\/p>\n","protected":false},"excerpt":{"rendered":"<p>Ben Affleck\u2019in yaz\u0131p y\u00f6netece\u011fi ve ayn\u0131 zamanda ba\u015frol\u00fcnde oynayaca\u011f\u0131 filmde, Batman\u2019in d\u00fc\u015fmanlar\u0131ndan pek \u00e7o\u011fuyla kar\u015f\u0131la\u015faca\u011f\u0131z gibi duruyor. Birth.Movies.Death sitesinin haberine g\u00f6re, film yayg\u0131n kan\u0131n\u0131n aksine bir Under the Red Hood\u00a0uyarlamas\u0131 olmayacak. Bunun yerine hepsi olmasa da pek \u00e7ok k\u00f6t\u00fc adam\u0131n k\u0131sa s\u00fcreli de olsa g\u00f6r\u00fcnece\u011fi bir film olacak. Al\u0131nan duyumlara g\u00f6re, Ben Affleck\u00a0ile\u00a0yazar Geoff Johns [&hellip;]<\/p>\n","protected":false},"author":57,"featured_media":55477,"comment_status":"open","ping_status":"closed","sticky":false,"template":"","format":"standard","meta":{"_acf_changed":false,"footnotes":""},"categories":[36],"tags":[780,2328,10113,3610],"class_list":{"0":"post-55476","1":"post","2":"type-post","3":"status-publish","4":"format-standard","5":"has-post-thumbnail","7":"category-fantastik-perde","8":"tag-batman","9":"tag-ben-affleck","10":"tag-hush","11":"tag-matt-damon","12":"kose_yazari-turker-bese"},"acf":[],"_links":{"self":[{"href":"https:\/\/www.kayiprihtim.org\/portal\/wp-json\/wp\/v2\/posts\/55476","targetHints":{"allow":["GET"]}}],"collection":[{"href":"https:\/\/www.kayiprihtim.org\/portal\/wp-json\/wp\/v2\/posts"}],"about":[{"href":"https:\/\/www.kayiprihtim.org\/portal\/wp-json\/wp\/v2\/types\/post"}],"author":[{"embeddable":true,"href":"https:\/\/www.kayiprihtim.org\/portal\/wp-json\/wp\/v2\/users\/57"}],"replies":[{"embeddable":true,"href":"https:\/\/www.kayiprihtim.org\/portal\/wp-json\/wp\/v2\/comments?post=55476"}],"version-history":[{"count":0,"href":"https:\/\/www.kayiprihtim.org\/portal\/wp-json\/wp\/v2\/posts\/55476\/revisions"}],"wp:featuredmedia":[{"embeddable":true,"href":"https:\/\/www.kayiprihtim.org\/portal\/wp-json\/wp\/v2\/media\/55477"}],"wp:attachment":[{"href":"https:\/\/www.kayiprihtim.org\/portal\/wp-json\/wp\/v2\/media?parent=55476"}],"wp:term":[{"taxonomy":"category","embeddable":true,"href":"https:\/\/www.kayiprihtim.org\/portal\/wp-json\/wp\/v2\/categories?post=55476"},{"taxonomy":"post_tag","embeddable":true,"href":"https:\/\/www.kayiprihtim.org\/portal\/wp-json\/wp\/v2\/tags?post=55476"}],"curies":[{"name":"wp","href":"https:\/\/api.w.org\/{rel}","templated":true}]}}