{"id":55633,"date":"2016-05-12T16:39:10","date_gmt":"2016-05-12T13:39:10","guid":{"rendered":"http:\/\/www.kayiprihtim.org\/portal\/?p=55633"},"modified":"2016-05-12T16:39:10","modified_gmt":"2016-05-12T13:39:10","slug":"claudia-kim-kara-kule-ekibine-katildi","status":"publish","type":"post","link":"https:\/\/www.kayiprihtim.org\/portal\/2016\/05\/12\/claudia-kim-kara-kule-ekibine-katildi\/","title":{"rendered":"Claudia Kim &#8220;Kara Kule&#8221; Ekibine Kat\u0131ld\u0131"},"content":{"rendered":"<p><img fetchpriority=\"high\" decoding=\"async\" class=\"aligncenter wp-image-55634\" src=\"https:\/\/www.kayiprihtim.org\/portal\/gorsel\/2016\/05\/Claudia-Kim-kara-kule.jpg\" alt=\"Claudia-Kim-kara-kule\" width=\"467\" height=\"238\" srcset=\"https:\/\/www.kayiprihtim.org\/portal\/gorsel\/2016\/05\/Claudia-Kim-kara-kule.jpg 500w, https:\/\/www.kayiprihtim.org\/portal\/gorsel\/2016\/05\/Claudia-Kim-kara-kule-300x153.jpg 300w\" sizes=\"(max-width: 467px) 100vw, 467px\" \/><\/p>\n<p><span style=\"font-size: 12pt;\"><b><i>Avengers: Age of Ultron<\/i>\u2019daki <span style=\"color: #993300;\">Dr. Helen Cho<\/span> rol\u00fcyle tan\u0131d\u0131\u011f\u0131m\u0131z<span style=\"color: #993300;\"> Claudia Kim<\/span>, <em>Stephen King<\/em>\u2019in romanlar\u0131ndan uyarlanan <span style=\"color: #993300;\">Kara Kule<\/span> filminde oynayaca\u011f\u0131 a\u00e7\u0131kland\u0131.<\/b><\/span><\/p>\n<p><b>Idris Elba<\/b>\u2019n\u0131n <b>Roland Deschain<\/b> ve <b>Matthew McConaughey<\/b>\u2019nin <b>Siyahl\u0131 Adam<\/b> karakterlerini canland\u0131raca\u011f\u0131n\u0131 daha \u00f6nceden <a href=\"https:\/\/www.kayiprihtim.org\/portal\/2016\/03\/01\/kara-kule-filminde-silahsoru-ve-siyahli-adami-oynayacak-isimler-kesinlesti\/\" target=\"_blank\"><b>aktarm\u0131\u015ft\u0131k<\/b><\/a>. Daha sonraysa seride \u00f6nemli yer tutan <b>Jake Chambers<\/b>karakterini <b>Tom Taylor<\/b>\u2019\u0131n oynayaca\u011f\u0131 <a href=\"https:\/\/www.kayiprihtim.org\/portal\/2016\/03\/13\/kara-kule-jake-chambersini-buldu\/\" target=\"_blank\"><b>a\u00e7\u0131klanm\u0131\u015ft\u0131<\/b><\/a>, ekibe en son <i><b>Vikings<\/b><\/i> dizisinden tan\u0131d\u0131\u011f\u0131m\u0131z\u00a0<b>Katheryn Winnick<\/b> belirsiz bir rolle dahil <a href=\"https:\/\/www.kayiprihtim.org\/portal\/2016\/04\/29\/vikingsin-yildiz-ismi-kara-kulede\/\" target=\"_blank\"><b>olmu\u015ftu<\/b><\/a>.<\/p>\n<p>\u015eimdi ise <b>Claudia Kim<\/b>\u2019in <b>Arra Champignon<\/b> rol\u00fcyle ekibe dahil oldu\u011fu belli oldu. Arra Champignon, herkesin iyili\u011fini isteyen, ba\u015fka bir d\u00fcnyadan hatta belki de ba\u015fka bir zaman diliminden bir karakter olarak tan\u0131t\u0131ld\u0131.<\/p>\n<p>Kitapta \u00e7ok ak\u0131lda kal\u0131c\u0131 bir yer tutmad\u0131\u011f\u0131 d\u00fc\u015f\u00fcn\u00fcl\u00fcrse, Sony ve <b>Stephen King<\/b>\u2019in filmle ilgili ilgin\u00e7 fikirleri oldu\u011funu d\u00fc\u015f\u00fcnmek de pek yanl\u0131\u015f olmaz diyebiliriz.<\/p>\n","protected":false},"excerpt":{"rendered":"<p>Avengers: Age of Ultron\u2019daki Dr. Helen Cho rol\u00fcyle tan\u0131d\u0131\u011f\u0131m\u0131z Claudia Kim, Stephen King\u2019in romanlar\u0131ndan uyarlanan Kara Kule filminde oynayaca\u011f\u0131 a\u00e7\u0131kland\u0131. Idris Elba\u2019n\u0131n Roland Deschain ve Matthew McConaughey\u2019nin Siyahl\u0131 Adam karakterlerini canland\u0131raca\u011f\u0131n\u0131 daha \u00f6nceden aktarm\u0131\u015ft\u0131k. Daha sonraysa seride \u00f6nemli yer tutan Jake Chamberskarakterini Tom Taylor\u2019\u0131n oynayaca\u011f\u0131 a\u00e7\u0131klanm\u0131\u015ft\u0131, ekibe en son Vikings dizisinden tan\u0131d\u0131\u011f\u0131m\u0131z\u00a0Katheryn Winnick belirsiz bir [&hellip;]<\/p>\n","protected":false},"author":10,"featured_media":55634,"comment_status":"open","ping_status":"closed","sticky":false,"template":"","format":"standard","meta":{"_acf_changed":false,"footnotes":""},"categories":[36],"tags":[3261,6647,421,10075,2798,10174,242,9700,7881],"class_list":{"0":"post-55633","1":"post","2":"type-post","3":"status-publish","4":"format-standard","5":"has-post-thumbnail","7":"category-fantastik-perde","8":"tag-avengers-age-of-ultron","9":"tag-idris-elba","10":"tag-kara-kule","11":"tag-katheryn-winnick","12":"tag-matthew-mcconaughey","13":"tag-roland-deschain","14":"tag-stephen-king","15":"tag-tom-taylor","16":"tag-vikings","17":"kose_yazari-turker-bese"},"acf":[],"_links":{"self":[{"href":"https:\/\/www.kayiprihtim.org\/portal\/wp-json\/wp\/v2\/posts\/55633","targetHints":{"allow":["GET"]}}],"collection":[{"href":"https:\/\/www.kayiprihtim.org\/portal\/wp-json\/wp\/v2\/posts"}],"about":[{"href":"https:\/\/www.kayiprihtim.org\/portal\/wp-json\/wp\/v2\/types\/post"}],"author":[{"embeddable":true,"href":"https:\/\/www.kayiprihtim.org\/portal\/wp-json\/wp\/v2\/users\/10"}],"replies":[{"embeddable":true,"href":"https:\/\/www.kayiprihtim.org\/portal\/wp-json\/wp\/v2\/comments?post=55633"}],"version-history":[{"count":0,"href":"https:\/\/www.kayiprihtim.org\/portal\/wp-json\/wp\/v2\/posts\/55633\/revisions"}],"wp:featuredmedia":[{"embeddable":true,"href":"https:\/\/www.kayiprihtim.org\/portal\/wp-json\/wp\/v2\/media\/55634"}],"wp:attachment":[{"href":"https:\/\/www.kayiprihtim.org\/portal\/wp-json\/wp\/v2\/media?parent=55633"}],"wp:term":[{"taxonomy":"category","embeddable":true,"href":"https:\/\/www.kayiprihtim.org\/portal\/wp-json\/wp\/v2\/categories?post=55633"},{"taxonomy":"post_tag","embeddable":true,"href":"https:\/\/www.kayiprihtim.org\/portal\/wp-json\/wp\/v2\/tags?post=55633"}],"curies":[{"name":"wp","href":"https:\/\/api.w.org\/{rel}","templated":true}]}}