{"id":55832,"date":"2016-05-17T12:25:51","date_gmt":"2016-05-17T09:25:51","guid":{"rendered":"http:\/\/www.kayiprihtim.org\/portal\/?p=55832"},"modified":"2016-05-17T12:28:57","modified_gmt":"2016-05-17T09:28:57","slug":"idris-elbanin-rolandi-goruldu","status":"publish","type":"post","link":"https:\/\/www.kayiprihtim.org\/portal\/2016\/05\/17\/idris-elbanin-rolandi-goruldu\/","title":{"rendered":"Idris Elba\u2019n\u0131n Roland\u2019\u0131 G\u00f6r\u00fcld\u00fc"},"content":{"rendered":"<p><img fetchpriority=\"high\" decoding=\"async\" class=\"aligncenter size-full wp-image-55833\" src=\"https:\/\/www.kayiprihtim.org\/portal\/gorsel\/2016\/05\/idris-elba-dark-tower.jpg\" alt=\"idris-elba-dark-tower\" width=\"467\" height=\"248\" srcset=\"https:\/\/www.kayiprihtim.org\/portal\/gorsel\/2016\/05\/idris-elba-dark-tower.jpg 500w, https:\/\/www.kayiprihtim.org\/portal\/gorsel\/2016\/05\/idris-elba-dark-tower-300x159.jpg 300w\" sizes=\"(max-width: 467px) 100vw, 467px\" \/><\/p>\n<p><span style=\"font-size: 12pt;\"><strong>Stephen King\u2019in <span style=\"color: #993300;\">Kara Kule Serisi<\/span>\u2019nden uyarlanan filmde Roland\u2019\u0131 canland\u0131ran <span style=\"color: #993300;\">Idris Elba<\/span>, silah\u015for kost\u00fcm\u00fcyle ilk kez g\u00f6r\u00fcnt\u00fclendi.<\/strong><\/span><\/p>\n<p><strong>Kara Kule Serisi<\/strong>\u2019nin filmle\u015ftirilmesi <em><strong>Stephen King<\/strong><\/em> hayranlar\u0131n\u0131n \u00e7ok uzun bir s\u00fcredir hayalini kurduklar\u0131 bir \u015feydi. Olacak m\u0131 olmayacak m\u0131, yoksa bir hayal olarak m\u0131 kalacak derken Sony en sonunda film i\u00e7in ye\u015fil \u0131\u015f\u0131\u011f\u0131 yakt\u0131 ve prod\u00fcksiyon \u00e7al\u0131\u015fmalar\u0131 resmen ba\u015flad\u0131.<\/p>\n<p>Serinin hayranlar\u0131 \u00e7ok mutluydu. Ta ki <strong>Roland<\/strong> rol\u00fcn\u00fc oynayacak isim a\u00e7\u0131klanana kadar: <span style=\"color: #993300; font-size: 12pt;\"><strong>Idris Elba<\/strong><\/span>. Okurlar i\u00e7in ba\u015fl\u0131ca problem Roland karakteri\u00a0<em>Clint Eastwood<\/em>\u2019tan esinlenerek kaleme al\u0131nm\u0131\u015f bir beyazken Elba\u2019n\u0131n siyahi bir oyuncu olmas\u0131yd\u0131 elbette.<\/p>\n<p>Kendisinin bu role uygun olup olmad\u0131\u011f\u0131 tart\u0131\u015f\u0131ladursun yeni Roland\u2019\u0131m\u0131z\u0131n ilk g\u00f6r\u00fcnt\u00fcleri filmin G\u00fcney Afrika\u2019daki setlerinden \u00e7\u0131k\u0131p geldi bile.<\/p>\n<blockquote class=\"twitter-tweet\" data-width=\"550\" data-dnt=\"true\">\n<p lang=\"et\" dir=\"ltr\">First Look Idris Elba rodando La Torre Oscura <a href=\"https:\/\/twitter.com\/hashtag\/TheDarkTower?src=hash&amp;ref_src=twsrc%5Etfw\" rel=\"nofollow noopener\" target=\"_blank\">#TheDarkTower<\/a> <a href=\"https:\/\/t.co\/WyXtKXJJnV\" rel=\"nofollow\">https:\/\/t.co\/WyXtKXJJnV<\/a> <a href=\"https:\/\/t.co\/CHzyxbRGlK\" rel=\"nofollow\">pic.twitter.com\/CHzyxbRGlK<\/a><\/p>\n<p>&mdash; cinelander (@cinelander) <a href=\"https:\/\/twitter.com\/cinelander\/status\/732271454700613633?ref_src=twsrc%5Etfw\" rel=\"nofollow noopener\" target=\"_blank\">May 16, 2016<\/a><\/p><\/blockquote>\n<p><script async src=\"https:\/\/platform.twitter.com\/widgets.js\" charset=\"utf-8\"><\/script><\/p>\n<blockquote class=\"twitter-tweet\" data-width=\"550\" data-dnt=\"true\">\n<p lang=\"en\" dir=\"ltr\">I can&#39;t believe this is actually happening. <a href=\"https:\/\/t.co\/lVgtail4LT\" rel=\"nofollow\">pic.twitter.com\/lVgtail4LT<\/a><\/p>\n<p>&mdash; Patrick Klepek (@patrickklepek) <a href=\"https:\/\/twitter.com\/patrickklepek\/status\/732280648552054784?ref_src=twsrc%5Etfw\" rel=\"nofollow noopener\" target=\"_blank\">May 16, 2016<\/a><\/p><\/blockquote>\n<p><script async src=\"https:\/\/platform.twitter.com\/widgets.js\" charset=\"utf-8\"><\/script><\/p>\n<p>\u015eimdilik <strong>Matthew McConaughey<\/strong>\u2019in Siyahl\u0131 Adam\u2019\u0131ndan eser yok, ama onun da eli kula\u011f\u0131ndad\u0131r diye d\u00fc\u015f\u00fcn\u00fcyoruz.<\/p>\n<p><span style=\"font-size: 12pt; color: #993300;\"><strong>Kara Kule<\/strong><\/span> filmi \u00f6n\u00fcm\u00fczdeki sene g\u00f6sterime girecek.<\/p>\n","protected":false},"excerpt":{"rendered":"<p>Stephen King\u2019in Kara Kule Serisi\u2019nden uyarlanan filmde Roland\u2019\u0131 canland\u0131ran Idris Elba, silah\u015for kost\u00fcm\u00fcyle ilk kez g\u00f6r\u00fcnt\u00fclendi. Kara Kule Serisi\u2019nin filmle\u015ftirilmesi Stephen King hayranlar\u0131n\u0131n \u00e7ok uzun bir s\u00fcredir hayalini kurduklar\u0131 bir \u015feydi. Olacak m\u0131 olmayacak m\u0131, yoksa bir hayal olarak m\u0131 kalacak derken Sony en sonunda film i\u00e7in ye\u015fil \u0131\u015f\u0131\u011f\u0131 yakt\u0131 ve prod\u00fcksiyon \u00e7al\u0131\u015fmalar\u0131 resmen ba\u015flad\u0131. [&hellip;]<\/p>\n","protected":false},"author":57,"featured_media":55833,"comment_status":"open","ping_status":"closed","sticky":false,"template":"","format":"standard","meta":{"_acf_changed":false,"footnotes":""},"categories":[36],"tags":[6647,421,2798,8941,9594,8569,242],"class_list":{"0":"post-55832","1":"post","2":"type-post","3":"status-publish","4":"format-standard","5":"has-post-thumbnail","7":"category-fantastik-perde","8":"tag-idris-elba","9":"tag-kara-kule","10":"tag-matthew-mcconaughey","11":"tag-roland","12":"tag-silahsor","13":"tag-siyahli-adam","14":"tag-stephen-king","15":"kose_yazari-m-ihsan-tatari-arsivi"},"acf":[],"_links":{"self":[{"href":"https:\/\/www.kayiprihtim.org\/portal\/wp-json\/wp\/v2\/posts\/55832","targetHints":{"allow":["GET"]}}],"collection":[{"href":"https:\/\/www.kayiprihtim.org\/portal\/wp-json\/wp\/v2\/posts"}],"about":[{"href":"https:\/\/www.kayiprihtim.org\/portal\/wp-json\/wp\/v2\/types\/post"}],"author":[{"embeddable":true,"href":"https:\/\/www.kayiprihtim.org\/portal\/wp-json\/wp\/v2\/users\/57"}],"replies":[{"embeddable":true,"href":"https:\/\/www.kayiprihtim.org\/portal\/wp-json\/wp\/v2\/comments?post=55832"}],"version-history":[{"count":0,"href":"https:\/\/www.kayiprihtim.org\/portal\/wp-json\/wp\/v2\/posts\/55832\/revisions"}],"wp:featuredmedia":[{"embeddable":true,"href":"https:\/\/www.kayiprihtim.org\/portal\/wp-json\/wp\/v2\/media\/55833"}],"wp:attachment":[{"href":"https:\/\/www.kayiprihtim.org\/portal\/wp-json\/wp\/v2\/media?parent=55832"}],"wp:term":[{"taxonomy":"category","embeddable":true,"href":"https:\/\/www.kayiprihtim.org\/portal\/wp-json\/wp\/v2\/categories?post=55832"},{"taxonomy":"post_tag","embeddable":true,"href":"https:\/\/www.kayiprihtim.org\/portal\/wp-json\/wp\/v2\/tags?post=55832"}],"curies":[{"name":"wp","href":"https:\/\/api.w.org\/{rel}","templated":true}]}}