{"id":55902,"date":"2016-05-19T12:32:00","date_gmt":"2016-05-19T09:32:00","guid":{"rendered":"http:\/\/www.kayiprihtim.org\/portal\/?p=55902"},"modified":"2021-09-23T18:39:17","modified_gmt":"2021-09-23T15:39:17","slug":"seckide-seksen-ucuncu-ay","status":"publish","type":"post","link":"https:\/\/www.kayiprihtim.org\/portal\/2016\/05\/19\/seckide-seksen-ucuncu-ay\/","title":{"rendered":"Se\u00e7kide Seksen \u00dc\u00e7\u00fcnc\u00fc Ay"},"content":{"rendered":"<p><strong><a href=\"http:\/\/oyku.kayiprihtim.org\/seckide-altmis-dorduncu-ay\/\" rel=\"nofollow noopener\" target=\"_blank\">Tren<\/a><\/strong> orman\u0131n i\u00e7inden ge\u00e7iyor. <a href=\"http:\/\/oyku.kayiprihtim.org\/seckide-seksen-ikinci-ay\/\" rel=\"nofollow noopener\" target=\"_blank\"><strong>Ejderha<\/strong><\/a>y\u0131 ininde bulamad\u0131\u011f\u0131 i\u00e7in \u00fczg\u00fcn. Biraz ileride sahipsiz bir <a href=\"http:\/\/oyku.kayiprihtim.org\/seckide-seksen-birinci-ay\/\" rel=\"nofollow noopener\" target=\"_blank\"><strong>para\u015f\u00fct<\/strong><\/a> var, hemen yan\u0131ndaysa <a href=\"http:\/\/oyku.kayiprihtim.org\/seckide-sekseninci-ay\/\" rel=\"nofollow noopener\" target=\"_blank\"><strong>y\u00fcn<\/strong><\/a> \u00e7oraplar. \u00c7oraplar\u0131 bir <a href=\"http:\/\/oyku.kayiprihtim.org\/seckide-yetmis-yedinci-ay\/\" rel=\"nofollow noopener\" target=\"_blank\"><strong>iskelet<\/strong><\/a> giyiyor, istemsizce s\u0131r\u0131t\u0131yor.<\/p>\n<p>Para\u015f\u00fct\u00fcn (ve \u00e7oraplar\u0131n) sahibi trenin arka vagonundan geride b\u0131rak\u0131lan raylar\u0131 izliyor. Her santimde ba\u015fka \u00f6yk\u00fcler. Raylar boyunca.<\/p>\n<p>Yolun bitece\u011fi yok, b\u00fct\u00fcn d\u00fcnya bu raylar\u0131n ucunda. Sonra g\u00f6zlere bir baraka ili\u015fiyor. Tren barakan\u0131n \u00f6n\u00fcnden ge\u00e7erken yava\u015fl\u0131yor.<\/p>\n<p>\u00c7\u0131plak ayaklar usulca trenden atl\u0131yor. B\u00fct\u00fcn bak\u0131\u015flar\u0131n oda\u011f\u0131 barakada, tren onun eksikli\u011fini fark etmemi\u015f gibi. Yola devam ediyor.<\/p>\n<p>Adam barakaya do\u011fru y\u00fcr\u00fcyor. <a href=\"http:\/\/oyku.kayiprihtim.org\/seckide-yirmi-sekizinci-ay\/\" rel=\"nofollow noopener\" target=\"_blank\"><strong>Kap\u0131<\/strong><\/a>y\u0131 a\u00e7t\u0131\u011f\u0131nda, ne bulaca\u011f\u0131n\u0131 biliyor gibi.<\/p>\n<p>\u00d6yk\u00fcler:<\/p>\n<p style=\"padding-left: 30px;\">&#8211; <a href=\"http:\/\/oyku.kayiprihtim.org\/ahci-engin-yildirim\/\" target=\"_blank\" rel=\"noopener nofollow\"><b>\u00c2h\u00e7\u0131<\/b><\/a> adl\u0131 \u00f6yk\u00fcs\u00fc ile <i><b>Engin Y\u0131ld\u0131r\u0131m<\/b><\/i><\/p>\n<p style=\"padding-left: 30px;\">&#8211; <a href=\"http:\/\/oyku.kayiprihtim.org\/atesten-irade-dogukan-kantaroglu\/\" target=\"_blank\" rel=\"noopener nofollow\"><b>Ate\u015ften \u0130rade<\/b><\/a> adl\u0131 \u00f6yk\u00fcs\u00fc ile <i><b>Do\u011fukan Kantaro\u011flu<\/b><\/i><\/p>\n<p style=\"padding-left: 30px;\">&#8211; <a href=\"http:\/\/oyku.kayiprihtim.org\/baltaci-burak-palta\/\" target=\"_blank\" rel=\"noopener nofollow\"><b>Baltac\u0131<\/b><\/a> adl\u0131 \u00f6yk\u00fcs\u00fc ile <i><b>Burak Palta<\/b><\/i><\/p>\n<p style=\"padding-left: 30px;\">&#8211; <a href=\"http:\/\/oyku.kayiprihtim.org\/bana-tahtakurularini-anlatsana-caglar-karatug\/\" target=\"_blank\" rel=\"noopener nofollow\"><b>Bana Tahtakurular\u0131n\u0131 Anlatsana<\/b><\/a> adl\u0131 \u00f6yk\u00fcs\u00fc ile <i><b>\u00c7a\u011flar Karatu\u011f<\/b><\/i><\/p>\n<p style=\"padding-left: 30px;\">&#8211; <a href=\"http:\/\/oyku.kayiprihtim.org\/bekci-engin-yildirim\/\" target=\"_blank\" rel=\"noopener nofollow\"><b>Bek\u00e7i<\/b><\/a> adl\u0131 \u00f6yk\u00fcs\u00fc ile <i><b>Engin Y\u0131ld\u0131r\u0131m<\/b><\/i><\/p>\n<p style=\"padding-left: 30px;\">&#8211; <a href=\"http:\/\/oyku.kayiprihtim.org\/bin-yillik-meditasyon-haluk-kapucuoglu\/\" target=\"_blank\" rel=\"noopener nofollow\"><b>Bin Y\u0131ll\u0131k Meditasyon<\/b><\/a> adl\u0131 \u00f6yk\u00fcs\u00fc ile <i><b>Haluk Kapucuo\u011flu<\/b><\/i><\/p>\n<p style=\"padding-left: 30px;\">&#8211; <a href=\"http:\/\/oyku.kayiprihtim.org\/cocukluk-etme-deniz-eksilen\/\" target=\"_blank\" rel=\"noopener nofollow\"><b>\u00c7ocukluk Etme!<\/b><\/a> adl\u0131 \u00f6yk\u00fcs\u00fc ile <i><b>Deniz Eksilen<\/b><\/i><\/p>\n<p style=\"padding-left: 30px;\">&#8211; <a href=\"http:\/\/oyku.kayiprihtim.org\/ejderhanin-atesi-alper-bardakci\/\" target=\"_blank\" rel=\"noopener nofollow\"><b>Ejderhan\u0131n Ate\u015fi<\/b><\/a> adl\u0131 \u00f6yk\u00fcs\u00fc ile <i><b>Alper Bardak\u00e7\u0131<\/b><\/i><\/p>\n<p style=\"padding-left: 30px;\">&#8211; <a href=\"http:\/\/oyku.kayiprihtim.org\/evler-ve-insanlari-ahmet-furkan-suner\/\" target=\"_blank\" rel=\"noopener nofollow\"><b>Evler Ve \u0130nsanlar\u0131<\/b><\/a> adl\u0131 \u00f6yk\u00fcs\u00fc ile <i><b>Ahmet Furkan S\u00fcner<\/b><\/i><\/p>\n<p style=\"padding-left: 30px;\">&#8211; <a href=\"http:\/\/oyku.kayiprihtim.org\/gunesi-kim-sondurdu-mumin-can\/\" target=\"_blank\" rel=\"noopener nofollow\"><b>G\u00fcne\u015fi Kim S\u00f6nd\u00fcrd\u00fc<\/b><\/a> adl\u0131 \u00f6yk\u00fcs\u00fc ile <i><b>M\u00fcmin Can<\/b><\/i><\/p>\n<p style=\"padding-left: 30px;\">&#8211; <a href=\"http:\/\/oyku.kayiprihtim.org\/hickimse-dagdaki-baraka-cevdet-denizalti\/\" target=\"_blank\" rel=\"noopener nofollow\"><b>Hi\u00e7kimse; Da\u011fdaki Baraka<\/b><\/a> adl\u0131 \u00f6yk\u00fcs\u00fc ile <i><b>Cevdet Denizalt\u0131<\/b><\/i><\/p>\n<p style=\"padding-left: 30px;\">&#8211; <a href=\"http:\/\/oyku.kayiprihtim.org\/hikaye-i-ahram-yahut-senede-bir-gun-oznur-babur\/\" target=\"_blank\" rel=\"noopener nofollow\"><b>Hikaye-i Ahram y\u00e2hut Senede Bir G\u00fcn<\/b><\/a> adl\u0131 \u00f6yk\u00fcs\u00fc ile <i><b>\u00d6znur Babur<\/b><\/i><\/p>\n<p style=\"padding-left: 30px;\">&#8211; <a href=\"http:\/\/oyku.kayiprihtim.org\/ihtiyar-ve-adam-aydin-aga-alaskarov\/\" target=\"_blank\" rel=\"noopener nofollow\"><b>\u0130htiyar ve Adam<\/b><\/a> adl\u0131 \u00f6yk\u00fcs\u00fc ile <i><b>Ayd\u0131n A\u011fa Alaskarov<\/b><\/i><\/p>\n<p style=\"padding-left: 30px;\">&#8211; <a href=\"http:\/\/oyku.kayiprihtim.org\/iki-ates-duygu-ozkan\/\" target=\"_blank\" rel=\"noopener nofollow\"><b>\u0130ki Ate\u015f<\/b><\/a> adl\u0131 \u00f6yk\u00fcs\u00fc ile <i><b>Duygu \u00d6zkan<\/b><\/i><\/p>\n<p style=\"padding-left: 30px;\">&#8211; <a href=\"http:\/\/oyku.kayiprihtim.org\/iskelet-prenses-paradoksu-deniz-eksilen\/\" target=\"_blank\" rel=\"noopener nofollow\"><b>\u0130skelet Prenses Paradoksu<\/b><\/a> adl\u0131 \u00f6yk\u00fcs\u00fc ile <i><b>Deniz Eksilen<\/b><\/i><\/p>\n<p style=\"padding-left: 30px;\">&#8211; <a href=\"http:\/\/oyku.kayiprihtim.org\/mavi-evrim-dilara-onat\/\" target=\"_blank\" rel=\"noopener nofollow\"><b>Mavi<\/b><\/a> adl\u0131 \u00f6yk\u00fcs\u00fc ile <i><b>Evrim Dilara Onat<\/b><\/i><\/p>\n<p style=\"padding-left: 30px;\">&#8211; <a href=\"http:\/\/oyku.kayiprihtim.org\/mektup-mustafa-gungoren\/\" target=\"_blank\" rel=\"noopener nofollow\"><b>Mektup<\/b><\/a> adl\u0131 \u00f6yk\u00fcs\u00fc ile <i><b>Mustafa G\u00fcng\u00f6ren<\/b><\/i><\/p>\n<p style=\"padding-left: 30px;\">&#8211; <a href=\"http:\/\/oyku.kayiprihtim.org\/nankor-hilal-varli\/\" target=\"_blank\" rel=\"noopener nofollow\"><b>Nank\u00f6r<\/b><\/a> adl\u0131 \u00f6yk\u00fcs\u00fc ile <i><b>Hilal Varl\u0131<\/b><\/i><\/p>\n<p style=\"padding-left: 30px;\">&#8211; <a href=\"http:\/\/oyku.kayiprihtim.org\/surevici-baraka-emrecan-dogan\/\" target=\"_blank\" rel=\"noopener nofollow\"><b>S\u00fcrevi\u00e7i Baraka<\/b><\/a> adl\u0131 \u00f6yk\u00fcs\u00fc ile <i><b>Emrecan Do\u011fan<\/b><\/i><\/p>\n<p style=\"padding-left: 30px;\">&#8211; <a href=\"http:\/\/oyku.kayiprihtim.org\/sureyya-devranin-tuhaf-oykusu-hakan-gunay-aydinoglu\/\" target=\"_blank\" rel=\"noopener nofollow\"><b>S\u00fcreyya Devran\u2019\u0131n Tuhaf \u00d6yk\u00fcs\u00fc<\/b><\/a> adl\u0131 \u00f6yk\u00fcs\u00fc ile <i><b>Hakan G\u00fcnay Ayd\u0131no\u011flu<\/b><\/i><\/p>\n<p style=\"padding-left: 30px;\">&#8211; <a href=\"http:\/\/oyku.kayiprihtim.org\/teklif-muhammed-huseyin-orhan\/\" target=\"_blank\" rel=\"noopener nofollow\"><b>Teklif<\/b><\/a> adl\u0131 \u00f6yk\u00fcs\u00fc ile <i><b>Muhammed H\u00fcseyin Orhan<\/b><\/i><\/p>\n<p>Bu ay\u0131n muhte\u015fem g\u00f6rseli <a href=\"http:\/\/oyku.kayiprihtim.org\/baraka-temali-seksen-ucuncu-ay-gorseli-emre-karacan\/\" rel=\"nofollow noopener\" target=\"_blank\"><em><strong>Emre Karacan<\/strong><\/em><\/a>&#8216;dan geldi. Kendisine bir kez daha te\u015fekk\u00fcr ediyoruz!<\/p>\n<p>Gelecek ay, Kay\u0131p R\u0131ht\u0131m Ayl\u0131k \u00d6yk\u00fc Se\u00e7kisi&#8217;nin <strong>7. ya\u015f\u0131n\u0131<\/strong> kutlayaca\u011f\u0131z. <a href=\"http:\/\/oyku.kayiprihtim.org\/ozel-sayilar\/\" rel=\"nofollow noopener\" target=\"_blank\"><strong>Her sene oldu\u011fu gibi<\/strong><\/a>, bu y\u0131l d\u00f6n\u00fcm\u00fcnde de \u00f6zel bir plan\u0131m\u0131z var! Dolay\u0131s\u0131yla gelecek ay\u0131n temas\u0131n\u0131 sizlerle payla\u015fam\u0131yoruz.<\/p>\n<p>Fakat temmuz ay\u0131n\u0131n temas\u0131 &#8220;<span style=\"font-size: 14pt;\"><strong>DEN\u0130Z FENER\u0130<\/strong><\/span>&#8221; oldu. \u00d6yk\u00fclerinizi <strong>15 Temmuz<\/strong>\u2019a kadar <a href=\"mailto:oykuseckisi@gmail.com\">oykuseckisi@gmail.com<\/a> adresine g\u00f6nderebilirsiniz.<\/p>\n<p>Se\u00e7ki&#8217;nin 7. y\u0131l \u00f6zel say\u0131s\u0131 bizleri \u00e7ok heyecanland\u0131r\u0131yor. Dileriz siz de trenimizin bir sonraki dura\u011f\u0131ndan memnun ayr\u0131l\u0131rs\u0131n\u0131z.<\/p>\n<p>Gelecek ay g\u00f6r\u00fc\u015fmek \u00fczere,<br \/>\nOnur &#8220;DarLy OpuS&#8221; Selamet<\/p>\n","protected":false},"excerpt":{"rendered":"<p>Tren orman\u0131n i\u00e7inden ge\u00e7iyor. Ejderhay\u0131 ininde bulamad\u0131\u011f\u0131 i\u00e7in \u00fczg\u00fcn. Biraz ileride sahipsiz bir para\u015f\u00fct var, hemen yan\u0131ndaysa y\u00fcn \u00e7oraplar. \u00c7oraplar\u0131 bir iskelet giyiyor, istemsizce s\u0131r\u0131t\u0131yor. Para\u015f\u00fct\u00fcn (ve \u00e7oraplar\u0131n) sahibi trenin arka vagonundan geride b\u0131rak\u0131lan raylar\u0131 izliyor. Her santimde ba\u015fka \u00f6yk\u00fcler. Raylar boyunca. Yolun bitece\u011fi yok, b\u00fct\u00fcn d\u00fcnya bu raylar\u0131n ucunda. Sonra g\u00f6zlere bir baraka ili\u015fiyor. [&hellip;]<\/p>\n","protected":false},"author":1,"featured_media":0,"comment_status":"open","ping_status":"closed","sticky":false,"template":"","format":"standard","meta":{"_acf_changed":false,"footnotes":""},"categories":[98,6],"tags":[9207,9925,9194,7326],"class_list":{"0":"post-55902","1":"post","2":"type-post","3":"status-publish","4":"format-standard","6":"category-aylik-oyku-seckisi","7":"category-kayip-rihtim","8":"tag-aylik-oyku-seckisi","9":"tag-emre-karacan","10":"tag-kayip-rihtim","11":"tag-kayip-rihtim-aylik-oyku-seckisi","12":"kose_yazari-onur-selamet-arsivi"},"acf":[],"_links":{"self":[{"href":"https:\/\/www.kayiprihtim.org\/portal\/wp-json\/wp\/v2\/posts\/55902","targetHints":{"allow":["GET"]}}],"collection":[{"href":"https:\/\/www.kayiprihtim.org\/portal\/wp-json\/wp\/v2\/posts"}],"about":[{"href":"https:\/\/www.kayiprihtim.org\/portal\/wp-json\/wp\/v2\/types\/post"}],"author":[{"embeddable":true,"href":"https:\/\/www.kayiprihtim.org\/portal\/wp-json\/wp\/v2\/users\/1"}],"replies":[{"embeddable":true,"href":"https:\/\/www.kayiprihtim.org\/portal\/wp-json\/wp\/v2\/comments?post=55902"}],"version-history":[{"count":1,"href":"https:\/\/www.kayiprihtim.org\/portal\/wp-json\/wp\/v2\/posts\/55902\/revisions"}],"predecessor-version":[{"id":59421,"href":"https:\/\/www.kayiprihtim.org\/portal\/wp-json\/wp\/v2\/posts\/55902\/revisions\/59421"}],"wp:attachment":[{"href":"https:\/\/www.kayiprihtim.org\/portal\/wp-json\/wp\/v2\/media?parent=55902"}],"wp:term":[{"taxonomy":"category","embeddable":true,"href":"https:\/\/www.kayiprihtim.org\/portal\/wp-json\/wp\/v2\/categories?post=55902"},{"taxonomy":"post_tag","embeddable":true,"href":"https:\/\/www.kayiprihtim.org\/portal\/wp-json\/wp\/v2\/tags?post=55902"}],"curies":[{"name":"wp","href":"https:\/\/api.w.org\/{rel}","templated":true}]}}