{"id":57141,"date":"2016-05-31T10:07:22","date_gmt":"2016-05-31T07:07:22","guid":{"rendered":"http:\/\/www.kayiprihtim.org\/portal\/?p=57141"},"modified":"2016-05-31T10:07:22","modified_gmt":"2016-05-31T07:07:22","slug":"kadikoy-kitap-gunlerinin-8-si-haydarpasa-garinda-basliyor","status":"publish","type":"post","link":"https:\/\/www.kayiprihtim.org\/portal\/2016\/05\/31\/kadikoy-kitap-gunlerinin-8-si-haydarpasa-garinda-basliyor\/","title":{"rendered":"Kad\u0131k\u00f6y Kitap G\u00fcnleri&#8217;nin 8.&#8217;si Haydarpa\u015fa Gar\u0131&#8217;nda Ba\u015fl\u0131yor!"},"content":{"rendered":"<p><a href=\"https:\/\/www.kayiprihtim.org\/portal\/gorsel\/2016\/05\/kadikoy-kitap-gunler-8.jpg\"><img fetchpriority=\"high\" decoding=\"async\" class=\"aligncenter wp-image-57142\" src=\"https:\/\/www.kayiprihtim.org\/portal\/gorsel\/2016\/05\/kadikoy-kitap-gunler-8.jpg\" alt=\"kadikoy-kitap-gunler-8\" width=\"467\" height=\"269\" srcset=\"https:\/\/www.kayiprihtim.org\/portal\/gorsel\/2016\/05\/kadikoy-kitap-gunler-8.jpg 500w, https:\/\/www.kayiprihtim.org\/portal\/gorsel\/2016\/05\/kadikoy-kitap-gunler-8-300x173.jpg 300w\" sizes=\"(max-width: 467px) 100vw, 467px\" \/><\/a><\/p>\n<p><span style=\"font-size: 12pt;\"><strong><span style=\"color: #993300;\">1-5 Haziran<\/span> tarihleri aras\u0131nda <span style=\"color: #993300;\">Kad\u0131k\u00f6y Kitap G\u00fcnleri<\/span>&#8216;nin 8.&#8217;si <span style=\"color: #993300;\">Haydarpa\u015fa Tren Gar\u0131<\/span>&#8216;nda ger\u00e7ekle\u015ftirilecek.<\/strong><\/span><\/p>\n<p>100&#8217;\u00fcn \u00fczerinde yay\u0131nevinin yan\u0131 s\u0131ra etkinli\u011fe 600 yazar ve \u00e7izer kat\u0131lacak. Pek \u00e7ok imza g\u00fcn\u00fc ve s\u00f6yle\u015finin de d\u00fczenlenece\u011fi etkinli\u011fin onur konu ise <strong>Selim \u0130leri<\/strong>.<\/p>\n<p><strong>Kad\u0131k\u00f6y Belediye Ba\u015fkan\u0131 Aykurt Nuho\u011flu<\/strong>, etkinlik hakk\u0131nda \u015fu a\u00e7\u0131klamay\u0131 yapt\u0131:<\/p>\n<blockquote><p>&#8220;T\u00fcrkiye\u2019nin en \u00f6nemli tarihi miraslar\u0131ndan birinde b\u00f6yle bir etkinlik yapmak bizi heyecanland\u0131r\u0131yor. T\u00fcm \u0130stanbullular\u0131 bu tarihi alanda a\u011f\u0131rlamaktan onlar\u0131 kitapla ve usta yazarlarla bulu\u015fturmaktan son derece mutluyuz.&#8221;<\/p><\/blockquote>\n<p><strong>Haydarpa\u015fa Port<\/strong> projesi kapsam\u0131nda d\u00f6n\u00fc\u015ft\u00fcr\u00fclmesi planlanan tarihi garda ayr\u0131ca\u00a0&#8220;Haydarpa\u015fa\u2019y\u0131 Savunmak&#8221; ba\u015fl\u0131kl\u0131 bir s\u00f6yle\u015fi de ger\u00e7ekle\u015ftirilecek.<\/p>\n<p><em>Ataol Behramo\u011flu, Arife Kalender, Adnan \u00d6zyal\u00e7\u0131ner, Ayd\u0131n Ilgaz, Enver Aysever, Mine K\u0131r\u0131kkanat, Onur \u00d6ymen, Buket Uzuner, Emre Kongar, H\u00fcsn\u00fc Mahalli, Mustafa S\u00f6nmez, \u00a0Leman Dergisi, Bayan Yan\u0131<\/em> ve <em>Fil Dergisi<\/em> yazar ve \u00e7izerleri etkinli\u011fe kat\u0131lacak \u00f6nemli isimlerden baz\u0131lar\u0131.<\/p>\n<p>Son olarak <strong>Kad\u0131k\u00f6y Belediyesi<\/strong>&#8216;nin, etkinlik alan\u0131na kolay ula\u015f\u0131m i\u00e7in \u00fc\u00e7 noktadan saat ba\u015f\u0131 ring seferi yapaca\u011f\u0131n\u0131 da hat\u0131rlatm\u0131\u015f olal\u0131m:\u00a0<em>Bostanc\u0131, Haldun Taner Sahnesi<\/em> ve <em>Uzun\u00e7ay\u0131r Metrob\u00fcs \u0130stasyonu<\/em>.<\/p>\n<p>B\u00f6yle harika bir yerde, b\u00f6yle g\u00fczel bir etkinli\u011fin d\u00fczenlenmesi bizleri ger\u00e7ekten mutlu etti.<\/p>\n","protected":false},"excerpt":{"rendered":"<p>1-5 Haziran tarihleri aras\u0131nda Kad\u0131k\u00f6y Kitap G\u00fcnleri&#8216;nin 8.&#8217;si Haydarpa\u015fa Tren Gar\u0131&#8216;nda ger\u00e7ekle\u015ftirilecek. 100&#8217;\u00fcn \u00fczerinde yay\u0131nevinin yan\u0131 s\u0131ra etkinli\u011fe 600 yazar ve \u00e7izer kat\u0131lacak. Pek \u00e7ok imza g\u00fcn\u00fc ve s\u00f6yle\u015finin de d\u00fczenlenece\u011fi etkinli\u011fin onur konu ise Selim \u0130leri. Kad\u0131k\u00f6y Belediye Ba\u015fkan\u0131 Aykurt Nuho\u011flu, etkinlik hakk\u0131nda \u015fu a\u00e7\u0131klamay\u0131 yapt\u0131: &#8220;T\u00fcrkiye\u2019nin en \u00f6nemli tarihi miraslar\u0131ndan birinde b\u00f6yle bir [&hellip;]<\/p>\n","protected":false},"author":10,"featured_media":57142,"comment_status":"open","ping_status":"closed","sticky":false,"template":"","format":"standard","meta":{"_acf_changed":false,"footnotes":""},"categories":[69,978],"tags":[10411,10410,10412,10419,1617,10415,3789,10420,10408,10416,10406,10407,10418,10413,10417,10414,9010,10409],"class_list":{"0":"post-57141","1":"post","2":"type-post","3":"status-publish","4":"format-standard","5":"has-post-thumbnail","7":"category-etkinlik","8":"category-kitap-fuarlari","9":"tag-adnan-ozyalciner","10":"tag-arife-kalender","11":"tag-aydin-ilgaz","12":"tag-bayan-yani","13":"tag-buket-uzuner","14":"tag-emre-kongar","15":"tag-enver-aysever","16":"tag-fil-dergisi","17":"tag-haydarpasa-gari","18":"tag-husnu-mahalli","19":"tag-kadikoy-belediyesi","20":"tag-kadikoy-kitap-gunleri","21":"tag-leman-dergisi","22":"tag-mine-kirikkanat","23":"tag-mustafa-sonmez","24":"tag-onur-oymen","25":"tag-selim-ileri","26":"tag-taol-behramoglu","27":"kose_yazari-onur-selamet-arsivi"},"acf":[],"_links":{"self":[{"href":"https:\/\/www.kayiprihtim.org\/portal\/wp-json\/wp\/v2\/posts\/57141","targetHints":{"allow":["GET"]}}],"collection":[{"href":"https:\/\/www.kayiprihtim.org\/portal\/wp-json\/wp\/v2\/posts"}],"about":[{"href":"https:\/\/www.kayiprihtim.org\/portal\/wp-json\/wp\/v2\/types\/post"}],"author":[{"embeddable":true,"href":"https:\/\/www.kayiprihtim.org\/portal\/wp-json\/wp\/v2\/users\/10"}],"replies":[{"embeddable":true,"href":"https:\/\/www.kayiprihtim.org\/portal\/wp-json\/wp\/v2\/comments?post=57141"}],"version-history":[{"count":0,"href":"https:\/\/www.kayiprihtim.org\/portal\/wp-json\/wp\/v2\/posts\/57141\/revisions"}],"wp:featuredmedia":[{"embeddable":true,"href":"https:\/\/www.kayiprihtim.org\/portal\/wp-json\/wp\/v2\/media\/57142"}],"wp:attachment":[{"href":"https:\/\/www.kayiprihtim.org\/portal\/wp-json\/wp\/v2\/media?parent=57141"}],"wp:term":[{"taxonomy":"category","embeddable":true,"href":"https:\/\/www.kayiprihtim.org\/portal\/wp-json\/wp\/v2\/categories?post=57141"},{"taxonomy":"post_tag","embeddable":true,"href":"https:\/\/www.kayiprihtim.org\/portal\/wp-json\/wp\/v2\/tags?post=57141"}],"curies":[{"name":"wp","href":"https:\/\/api.w.org\/{rel}","templated":true}]}}