{"id":57342,"date":"2016-06-08T15:07:56","date_gmt":"2016-06-08T12:07:56","guid":{"rendered":"http:\/\/www.kayiprihtim.org\/portal\/?p=57342"},"modified":"2016-06-10T12:44:06","modified_gmt":"2016-06-10T09:44:06","slug":"firat-yasadan-yeni-bir-cizgi-roman-tepe","status":"publish","type":"post","link":"https:\/\/www.kayiprihtim.org\/portal\/2016\/06\/08\/firat-yasadan-yeni-bir-cizgi-roman-tepe\/","title":{"rendered":"F\u0131rat Ya\u015fa&#8217;dan Yeni Bir \u00c7izgi Roman: Tepe"},"content":{"rendered":"<p><span style=\"font-size: 12pt;\"><strong><img fetchpriority=\"high\" decoding=\"async\" class=\"aligncenter size-full wp-image-57416\" src=\"https:\/\/www.kayiprihtim.org\/portal\/gorsel\/2016\/06\/tepe-ust.jpg\" alt=\"tepe-ust\" width=\"467\" height=\"280\" srcset=\"https:\/\/www.kayiprihtim.org\/portal\/gorsel\/2016\/06\/tepe-ust.jpg 500w, https:\/\/www.kayiprihtim.org\/portal\/gorsel\/2016\/06\/tepe-ust-300x180.jpg 300w\" sizes=\"(max-width: 467px) 100vw, 467px\" \/><\/strong><\/span><\/p>\n<p><span style=\"font-size: 12pt;\"><strong>Daha \u00f6nce <span style=\"color: #993300;\">\u00c7izgili Pijama<\/span>\u2019yla kar\u015f\u0131m\u0131za \u00e7\u0131kan F\u0131rat Ya\u015fa, G\u00f6beklitepe\u2019yi anlatan yeni \u00e7izgi roman\u0131 <span style=\"color: #993300;\">Tepe<\/span> ile tekrar raflar\u0131m\u0131za konuk olmaya haz\u0131rlan\u0131yor.<\/strong><\/span><\/p>\n<p><strong>Uykusuz<\/strong> dergisindeki renklendirmeleriyle tan\u0131d\u0131\u011f\u0131m\u0131z, Yi\u011fit De\u011fer Bengi\u2019nin <strong>Avc\u0131 Nun<\/strong> adl\u0131 \u00f6yk\u00fcs\u00fcn\u00fc \u00e7izgi romanla\u015ft\u0131ran, <strong>Kelebek<\/strong> isimli \u00e7izgi romanda yer alan ve <strong>\u00c7izgili Pijama<\/strong>\u2019n\u0131n yarat\u0131c\u0131s\u0131\u00a0F\u0131rat Ya\u015fa bir \u00e7izgi romanla daha raflardaki yerini almaya haz\u0131rlan\u0131yor.<\/p>\n<p><strong>Tepe<\/strong> isimli \u00e7izgi roman, ke\u015ffiyle bildi\u011fimiz tarihin temellerini sars\u0131p arkeoloji camias\u0131nda b\u00fcy\u00fck heyecan yaratan <span style=\"color: #993300; font-size: 12pt;\"><strong>G\u00f6beklitepe<\/strong><\/span>\u2019yi konu al\u0131yor.<\/p>\n<p><strong>Karakarga Yay\u0131nlar\u0131<\/strong> etiketiyle piyasaya \u00e7\u0131kacak olan eserin tan\u0131t\u0131m b\u00fclteniyse \u015f\u00f6yle:<\/p>\n<blockquote><p><img decoding=\"async\" class=\"size-full wp-image-57415 alignright\" src=\"https:\/\/www.kayiprihtim.org\/portal\/gorsel\/2016\/06\/tepe.jpg\" alt=\"tepe\" width=\"200\" height=\"279\" \/>Mezapotamya\u2019da, G\u00f6beklitepe\u2019de 12 bin sene \u00f6nce ba\u015flayan bir hikaye&#8230; Eskilerden bir ceylan ile yaln\u0131z bir adam\u0131n yolculu\u011fu. Harikulade \u00e7izgi ve renklerle bezeli bir maya masal\u0131. Tarihin bilinen ilk ve en b\u00fcy\u00fck tap\u0131na\u011f\u0131na, uygarl\u0131\u011f\u0131n karanl\u0131k k\u0131v\u0131lc\u0131mlar\u0131 \u00e7ak\u0131ld\u0131\u011f\u0131 zamana; insan t\u00fcr\u00fcn\u00fcn i\u00e7indeki doymak bilmeyen delikten i\u00e7eriye do\u011fru s\u00fcz\u00fclen mistik bir \u00e7izgi\u00a0roman.<\/p>\n<p>Senin zaman\u0131nda de\u011fil&#8230; benim zaman\u0131mda da de\u011fil&#8230; \u0130nsan\u0131n hayvanl\u0131ktan \u00e7\u0131kmaya ba\u015flad\u0131\u011f\u0131 zamanda&#8230; Hayvanlar\u0131n zaman\u0131n\u0131n sona ermeye ba\u015flad\u0131\u011f\u0131 zamanda&#8230;<\/p>\n<p>Yaln\u0131z, ya\u015fl\u0131 ve taze d\u00fcnyan\u0131n insan eliyle de\u011fi\u015fmeye ba\u015flad\u0131\u011f\u0131 zamanda&#8230; \u0130nsan\u0131n i\u00e7indeki deli\u011fin a\u00e7\u0131lmaya ba\u015flad\u0131\u011f\u0131 zamanda&#8230; Yaln\u0131z, ya\u015fl\u0131 ve hala taze d\u00fcnyada&#8230;<\/p><\/blockquote>\n<p>Tepe\u00a0<strong>10 Haziran<\/strong>\u2019dan itibaren \u00f6n sipari\u015f yoluyla\u00a0sat\u0131\u015fa sunulacak.<\/p>\n","protected":false},"excerpt":{"rendered":"<p>Daha \u00f6nce \u00c7izgili Pijama\u2019yla kar\u015f\u0131m\u0131za \u00e7\u0131kan F\u0131rat Ya\u015fa, G\u00f6beklitepe\u2019yi anlatan yeni \u00e7izgi roman\u0131 Tepe ile tekrar raflar\u0131m\u0131za konuk olmaya haz\u0131rlan\u0131yor. Uykusuz dergisindeki renklendirmeleriyle tan\u0131d\u0131\u011f\u0131m\u0131z, Yi\u011fit De\u011fer Bengi\u2019nin Avc\u0131 Nun adl\u0131 \u00f6yk\u00fcs\u00fcn\u00fc \u00e7izgi romanla\u015ft\u0131ran, Kelebek isimli \u00e7izgi romanda yer alan ve \u00c7izgili Pijama\u2019n\u0131n yarat\u0131c\u0131s\u0131\u00a0F\u0131rat Ya\u015fa bir \u00e7izgi romanla daha raflardaki yerini almaya haz\u0131rlan\u0131yor. Tepe isimli \u00e7izgi [&hellip;]<\/p>\n","protected":false},"author":77,"featured_media":57416,"comment_status":"open","ping_status":"closed","sticky":false,"template":"","format":"standard","meta":{"_acf_changed":false,"footnotes":""},"categories":[334],"tags":[510,10502,10503,10501],"class_list":{"0":"post-57342","1":"post","2":"type-post","3":"status-publish","4":"format-standard","5":"has-post-thumbnail","7":"category-cizgi-roman","8":"tag-firat-yasa","9":"tag-gobeklitepe","10":"tag-karakarga","11":"tag-tepe","12":"kose_yazari-turker-bese"},"acf":[],"_links":{"self":[{"href":"https:\/\/www.kayiprihtim.org\/portal\/wp-json\/wp\/v2\/posts\/57342","targetHints":{"allow":["GET"]}}],"collection":[{"href":"https:\/\/www.kayiprihtim.org\/portal\/wp-json\/wp\/v2\/posts"}],"about":[{"href":"https:\/\/www.kayiprihtim.org\/portal\/wp-json\/wp\/v2\/types\/post"}],"author":[{"embeddable":true,"href":"https:\/\/www.kayiprihtim.org\/portal\/wp-json\/wp\/v2\/users\/77"}],"replies":[{"embeddable":true,"href":"https:\/\/www.kayiprihtim.org\/portal\/wp-json\/wp\/v2\/comments?post=57342"}],"version-history":[{"count":0,"href":"https:\/\/www.kayiprihtim.org\/portal\/wp-json\/wp\/v2\/posts\/57342\/revisions"}],"wp:featuredmedia":[{"embeddable":true,"href":"https:\/\/www.kayiprihtim.org\/portal\/wp-json\/wp\/v2\/media\/57416"}],"wp:attachment":[{"href":"https:\/\/www.kayiprihtim.org\/portal\/wp-json\/wp\/v2\/media?parent=57342"}],"wp:term":[{"taxonomy":"category","embeddable":true,"href":"https:\/\/www.kayiprihtim.org\/portal\/wp-json\/wp\/v2\/categories?post=57342"},{"taxonomy":"post_tag","embeddable":true,"href":"https:\/\/www.kayiprihtim.org\/portal\/wp-json\/wp\/v2\/tags?post=57342"}],"curies":[{"name":"wp","href":"https:\/\/api.w.org\/{rel}","templated":true}]}}