{"id":57378,"date":"2016-06-08T16:38:28","date_gmt":"2016-06-08T13:38:28","guid":{"rendered":"http:\/\/www.kayiprihtim.org\/portal\/?p=57378"},"modified":"2016-06-08T16:38:28","modified_gmt":"2016-06-08T13:38:28","slug":"pacific-rim-2nin-basrolu-john-boyegaya-emanet","status":"publish","type":"post","link":"https:\/\/www.kayiprihtim.org\/portal\/2016\/06\/08\/pacific-rim-2nin-basrolu-john-boyegaya-emanet\/","title":{"rendered":"Pacific Rim 2\u2019nin Ba\u015frol\u00fc John Boyega\u2019ya Emanet"},"content":{"rendered":"<p><img fetchpriority=\"high\" decoding=\"async\" class=\"aligncenter size-full wp-image-57380\" src=\"https:\/\/www.kayiprihtim.org\/portal\/gorsel\/2016\/06\/john_boyega.jpg\" alt=\"john_boyega\" width=\"467\" height=\"262\" srcset=\"https:\/\/www.kayiprihtim.org\/portal\/gorsel\/2016\/06\/john_boyega.jpg 500w, https:\/\/www.kayiprihtim.org\/portal\/gorsel\/2016\/06\/john_boyega-300x168.jpg 300w\" sizes=\"(max-width: 467px) 100vw, 467px\" \/><\/p>\n<p><span style=\"font-size: 12pt;\"><strong><span style=\"color: #993300;\">Star Wars: G\u00fc\u00e7 Uyan\u0131yor<\/span>\u2019la y\u0131ld\u0131z\u0131 parlayan \u0130ngiliz oyuncu, Pacific Rim\u2019in devam filminde ba\u015frolde olacak.<\/strong><\/span><\/p>\n<p>2013\u2019te<strong> Guillermo del Toro<\/strong>\u2019nun y\u00f6netmenli\u011finde \u00e7ekilen ilk Pacific Rim\u2019in herkesi memnun etmedi\u011fi bir ger\u00e7ek. Yaratt\u0131\u011f\u0131 heyecan\u0131 d\u00fc\u015f\u00fcn\u00fcrsek gi\u015feden de \u00e7ok ba\u015far\u0131l\u0131 ayr\u0131lmam\u0131\u015ft\u0131. Ancak filmin yap\u0131mc\u0131s\u0131\u00a0<strong>Legendary<\/strong>,\u00a0b\u00fcy\u00fck bir hayal k\u0131r\u0131kl\u0131\u011f\u0131na u\u011framam\u0131\u015f olacak ki devam filmine onay vermi\u015fti.<\/p>\n<p>\u0130smi <span style=\"font-size: 12pt; color: #993300;\"><strong>Pacific Rim: Maelstrom<\/strong><\/span> olan ikinci filmin y\u00f6netmenlik koltu\u011funda Smalville ve Daredevil gibi dizilerden tan\u0131d\u0131\u011f\u0131m\u0131z <strong>Steven S. DeKnight<\/strong>\u00a0oturuyor. Del Toro ise hem filmin yap\u0131mc\u0131s\u0131 hem de senaryoya katk\u0131da bulunuyor. Gelen son haberlere g\u00f6re art\u0131k bir de ba\u015frol\u00fcm\u00fcz var: <span style=\"font-size: 12pt;\"><strong><span style=\"color: #993300;\">John Boyega<\/span><\/strong><\/span>.<\/p>\n<p>Boyega, ilk filmde <strong>Idris Elba<\/strong>\u2019n\u0131n canland\u0131rd\u0131\u011f\u0131 Stacker Pentecost karakterinin o\u011flu olarak kar\u015f\u0131m\u0131za \u00e7\u0131kacak. Del Toro, Boyega\u2019n\u0131n kadroya kat\u0131lmas\u0131yla ilgili \u015f\u00f6yle s\u00f6yl\u00fcyor:<\/p>\n<blockquote><p>John\u2019a inan\u0131lmaz bir yap\u0131ma ho\u015f geldin demekten olduk\u00e7a mutlu ve gururluyum. Pacific Rim evreni, onun ba\u015frol olmas\u0131yla \u00e7ok k\u00fclt\u00fcrl\u00fc, \u00e7ok katmanl\u0131 bir d\u00fcnya olmaya g\u00fc\u00e7lenerek devam ediyor. Hedefimiz \u2018D\u00fcnya, d\u00fcnyay\u0131 kurtar\u0131yor\u2019du ve bu i\u015f i\u00e7in ondan daha iyi bir adam d\u00fc\u015f\u00fcnemiyorum.<\/p><\/blockquote>\n<p>Yap\u0131m\u0131na bu y\u0131l\u0131n son \u00e7eyre\u011finde ba\u015flanacak filmin <span style=\"font-size: 12pt;\"><strong>A\u011fustos 2017<\/strong><\/span>&#8216;de\u00a0vizyona girmesi bekleniyor.<\/p>\n","protected":false},"excerpt":{"rendered":"<p>Star Wars: G\u00fc\u00e7 Uyan\u0131yor\u2019la y\u0131ld\u0131z\u0131 parlayan \u0130ngiliz oyuncu, Pacific Rim\u2019in devam filminde ba\u015frolde olacak. 2013\u2019te Guillermo del Toro\u2019nun y\u00f6netmenli\u011finde \u00e7ekilen ilk Pacific Rim\u2019in herkesi memnun etmedi\u011fi bir ger\u00e7ek. Yaratt\u0131\u011f\u0131 heyecan\u0131 d\u00fc\u015f\u00fcn\u00fcrsek gi\u015feden de \u00e7ok ba\u015far\u0131l\u0131 ayr\u0131lmam\u0131\u015ft\u0131. Ancak filmin yap\u0131mc\u0131s\u0131\u00a0Legendary,\u00a0b\u00fcy\u00fck bir hayal k\u0131r\u0131kl\u0131\u011f\u0131na u\u011framam\u0131\u015f olacak ki devam filmine onay vermi\u015fti. \u0130smi Pacific Rim: Maelstrom olan ikinci [&hellip;]<\/p>\n","protected":false},"author":80,"featured_media":57380,"comment_status":"open","ping_status":"closed","sticky":false,"template":"","format":"standard","meta":{"_acf_changed":false,"footnotes":""},"categories":[36],"tags":[248,6647,2650,6244,2506,10511],"class_list":{"0":"post-57378","1":"post","2":"type-post","3":"status-publish","4":"format-standard","5":"has-post-thumbnail","7":"category-fantastik-perde","8":"tag-guillermo-del-toro","9":"tag-idris-elba","10":"tag-john-boyega","11":"tag-maelstrom","12":"tag-pacific-rim","13":"tag-steven-s-deknight","14":"kose_yazari-burak-mermer"},"acf":[],"_links":{"self":[{"href":"https:\/\/www.kayiprihtim.org\/portal\/wp-json\/wp\/v2\/posts\/57378","targetHints":{"allow":["GET"]}}],"collection":[{"href":"https:\/\/www.kayiprihtim.org\/portal\/wp-json\/wp\/v2\/posts"}],"about":[{"href":"https:\/\/www.kayiprihtim.org\/portal\/wp-json\/wp\/v2\/types\/post"}],"author":[{"embeddable":true,"href":"https:\/\/www.kayiprihtim.org\/portal\/wp-json\/wp\/v2\/users\/80"}],"replies":[{"embeddable":true,"href":"https:\/\/www.kayiprihtim.org\/portal\/wp-json\/wp\/v2\/comments?post=57378"}],"version-history":[{"count":0,"href":"https:\/\/www.kayiprihtim.org\/portal\/wp-json\/wp\/v2\/posts\/57378\/revisions"}],"wp:featuredmedia":[{"embeddable":true,"href":"https:\/\/www.kayiprihtim.org\/portal\/wp-json\/wp\/v2\/media\/57380"}],"wp:attachment":[{"href":"https:\/\/www.kayiprihtim.org\/portal\/wp-json\/wp\/v2\/media?parent=57378"}],"wp:term":[{"taxonomy":"category","embeddable":true,"href":"https:\/\/www.kayiprihtim.org\/portal\/wp-json\/wp\/v2\/categories?post=57378"},{"taxonomy":"post_tag","embeddable":true,"href":"https:\/\/www.kayiprihtim.org\/portal\/wp-json\/wp\/v2\/tags?post=57378"}],"curies":[{"name":"wp","href":"https:\/\/api.w.org\/{rel}","templated":true}]}}