{"id":57626,"date":"2016-06-16T17:32:08","date_gmt":"2016-06-16T14:32:08","guid":{"rendered":"http:\/\/www.kayiprihtim.org\/portal\/?p=57626"},"modified":"2016-06-16T17:35:25","modified_gmt":"2016-06-16T14:35:25","slug":"adam-fawerin-yeni-kitabi-oz-raflarimiza-geliyor","status":"publish","type":"post","link":"https:\/\/www.kayiprihtim.org\/portal\/2016\/06\/16\/adam-fawerin-yeni-kitabi-oz-raflarimiza-geliyor\/","title":{"rendered":"Adam Fawer&#8217;\u0131n Yeni Kitab\u0131 &#8220;Oz: Kansasl\u0131 Dorothy&#8221; Raflar\u0131m\u0131za Geliyor"},"content":{"rendered":"<p><img fetchpriority=\"high\" decoding=\"async\" class=\"aligncenter wp-image-57628\" src=\"https:\/\/www.kayiprihtim.org\/portal\/gorsel\/2016\/06\/oz.jpg\" alt=\"oz\" width=\"467\" height=\"245\" srcset=\"https:\/\/www.kayiprihtim.org\/portal\/gorsel\/2016\/06\/oz.jpg 478w, https:\/\/www.kayiprihtim.org\/portal\/gorsel\/2016\/06\/oz-300x158.jpg 300w\" sizes=\"(max-width: 467px) 100vw, 467px\" \/><\/p>\n<p><span style=\"font-size: 12pt;\"><strong><span style=\"color: #993300;\">Olas\u0131l\u0131ks\u0131z<\/span> ve <span style=\"color: #993300;\">Empati<\/span>\u2019nin yazar\u0131 <span style=\"color: #993300;\">Adam Fawer<\/span>, Oz B\u00fcy\u00fcc\u00fcs\u00fc\u2019n\u00fcn \u00e7arp\u0131k bir devam\u0131 niteli\u011findeki yeni kitab\u0131yla bizlerle.<\/strong><\/span><\/p>\n<p>Olas\u0131l\u0131ks\u0131z ve Empati isimli kitaplar\u0131yla \u00f6zellikle \u00fclkemizde kendine b\u00fcy\u00fck bir hayran kitlesi edinen <strong>Adam Fawer<\/strong>\u2019\u0131n yeni kitab\u0131 <span style=\"color: #993300; font-size: 12pt;\"><strong>Oz<\/strong><\/span>, \u00e7ok yak\u0131nda April Yay\u0131nc\u0131l\u0131k etiketiyle raflar\u0131m\u0131zda olacak.<\/p>\n<p>Kitab\u0131n tan\u0131t\u0131m b\u00fclteni \u015f\u00f6yle:<\/p>\n<blockquote><p><img decoding=\"async\" class=\"alignright size-full wp-image-57629\" src=\"https:\/\/www.kayiprihtim.org\/portal\/gorsel\/2016\/06\/oz-kapak.jpg\" alt=\"oz-kapak\" width=\"150\" height=\"229\" \/>Dorothy ilk defa \u00f6ld\u00fc\u011f\u00fcnde on iki ya\u015f\u0131ndayd\u0131.\u00a0En az\u0131ndan bana s\u00f6yledi\u011fi buydu.\u00a0Delirdi\u011fini d\u00fc\u015f\u00fcnm\u00fc\u015ft\u00fcm ama \u015fimdi ona inand\u0131\u011f\u0131m i\u00e7in esas deli ben miyim diye merak ediyorum.\u00a0\u00d6yleysem bunlar\u0131n hi\u00e7birinin \u00f6nemi yok demektir.\u00a0Ama de\u011filsem\u2026\u00a0Eh, o zaman d\u00fcnya benim d\u00fc\u015f\u00fcnd\u00fc\u011f\u00fcm gibi bir \u015fey de\u011fil demektir.\u00a0\u00dcstelik tek bir d\u00fcnya yok.<\/p>\n<p>Kafan\u0131z kar\u0131\u015ft\u0131ysa can\u0131n\u0131z s\u0131k\u0131lmas\u0131n. Benimki de kar\u0131\u015fm\u0131\u015ft\u0131.\u00a0Okuyun, anlayacaks\u0131n\u0131z. Sonra karar verirsiniz:<\/p>\n<p>Ben mi delirdim yoksa siz mi?<\/p>\n<p>Hortum seni s\u00fcr\u00fckledi.<br \/>\n\u015eimdi hik\u00e2yeye ba\u015ftan ba\u015flayacaks\u0131n.<\/p>\n<p>Akl\u0131n\u0131, kalbini, duyular\u0131n\u0131 kar\u0131\u015ft\u0131racak bir d\u00fcnyayla kar\u015f\u0131 kar\u015f\u0131yas\u0131n.<br \/>\nBu diyarda g\u00fcnd\u00fczler karanl\u0131k turuncu, g\u00fcne\u015f siyah, geceler bembeyaz.<br \/>\nB\u00fcy\u00fcn\u00fcn yerini bilim ald\u0131.<br \/>\nHat\u0131rlad\u0131\u011f\u0131n herkes, her \u015fey art\u0131k \u00e7ok daha g\u00fczel, korkun\u00e7, ac\u0131mas\u0131z.<\/p>\n<p>Yeniden ke\u015ffetmeye haz\u0131rlan: OZ\u2019u ya da kendini!<\/p><\/blockquote>\n<p><em><strong>Algan Sezgint\u00fcredi<\/strong><\/em> taraf\u0131ndan dilimize kazand\u0131r\u0131lan 384 sayfal\u0131k roman, <strong>20 Haziran<\/strong>\u2019dan itibaren raflardaki yerini almaya ba\u015flayacak.<\/p>\n","protected":false},"excerpt":{"rendered":"<p>Olas\u0131l\u0131ks\u0131z ve Empati\u2019nin yazar\u0131 Adam Fawer, Oz B\u00fcy\u00fcc\u00fcs\u00fc\u2019n\u00fcn \u00e7arp\u0131k bir devam\u0131 niteli\u011findeki yeni kitab\u0131yla bizlerle. Olas\u0131l\u0131ks\u0131z ve Empati isimli kitaplar\u0131yla \u00f6zellikle \u00fclkemizde kendine b\u00fcy\u00fck bir hayran kitlesi edinen Adam Fawer\u2019\u0131n yeni kitab\u0131 Oz, \u00e7ok yak\u0131nda April Yay\u0131nc\u0131l\u0131k etiketiyle raflar\u0131m\u0131zda olacak. Kitab\u0131n tan\u0131t\u0131m b\u00fclteni \u015f\u00f6yle: Dorothy ilk defa \u00f6ld\u00fc\u011f\u00fcnde on iki ya\u015f\u0131ndayd\u0131.\u00a0En az\u0131ndan bana s\u00f6yledi\u011fi buydu.\u00a0Delirdi\u011fini [&hellip;]<\/p>\n","protected":false},"author":77,"featured_media":57629,"comment_status":"open","ping_status":"closed","sticky":false,"template":"","format":"standard","meta":{"_acf_changed":false,"footnotes":""},"categories":[80,3],"tags":[10595,358,10594,10593,2140],"class_list":{"0":"post-57626","1":"post","2":"type-post","3":"status-publish","4":"format-standard","5":"has-post-thumbnail","7":"category-bilim-kurgu","8":"category-fantastik-kitaplar","9":"tag-adam-fawer","10":"tag-april-yayincilik","11":"tag-empati","12":"tag-olasiliksiz","13":"tag-oz","14":"kose_yazari-turker-bese"},"acf":[],"_links":{"self":[{"href":"https:\/\/www.kayiprihtim.org\/portal\/wp-json\/wp\/v2\/posts\/57626","targetHints":{"allow":["GET"]}}],"collection":[{"href":"https:\/\/www.kayiprihtim.org\/portal\/wp-json\/wp\/v2\/posts"}],"about":[{"href":"https:\/\/www.kayiprihtim.org\/portal\/wp-json\/wp\/v2\/types\/post"}],"author":[{"embeddable":true,"href":"https:\/\/www.kayiprihtim.org\/portal\/wp-json\/wp\/v2\/users\/77"}],"replies":[{"embeddable":true,"href":"https:\/\/www.kayiprihtim.org\/portal\/wp-json\/wp\/v2\/comments?post=57626"}],"version-history":[{"count":0,"href":"https:\/\/www.kayiprihtim.org\/portal\/wp-json\/wp\/v2\/posts\/57626\/revisions"}],"wp:featuredmedia":[{"embeddable":true,"href":"https:\/\/www.kayiprihtim.org\/portal\/wp-json\/wp\/v2\/media\/57629"}],"wp:attachment":[{"href":"https:\/\/www.kayiprihtim.org\/portal\/wp-json\/wp\/v2\/media?parent=57626"}],"wp:term":[{"taxonomy":"category","embeddable":true,"href":"https:\/\/www.kayiprihtim.org\/portal\/wp-json\/wp\/v2\/categories?post=57626"},{"taxonomy":"post_tag","embeddable":true,"href":"https:\/\/www.kayiprihtim.org\/portal\/wp-json\/wp\/v2\/tags?post=57626"}],"curies":[{"name":"wp","href":"https:\/\/api.w.org\/{rel}","templated":true}]}}