{"id":57830,"date":"2016-06-24T13:11:07","date_gmt":"2016-06-24T10:11:07","guid":{"rendered":"http:\/\/www.kayiprihtim.org\/portal\/?p=57830"},"modified":"2016-06-24T13:11:07","modified_gmt":"2016-06-24T10:11:07","slug":"darth-vader-rouge-oneda-dusundugumuzden-daha-fazla-yer-alacak","status":"publish","type":"post","link":"https:\/\/www.kayiprihtim.org\/portal\/2016\/06\/24\/darth-vader-rouge-oneda-dusundugumuzden-daha-fazla-yer-alacak\/","title":{"rendered":"Darth Vader, Rouge One&#8217;da D\u00fc\u015f\u00fcnd\u00fc\u011f\u00fcm\u00fczden Daha Fazla Yer Alacak"},"content":{"rendered":"<p><img fetchpriority=\"high\" decoding=\"async\" class=\"aligncenter wp-image-57833\" src=\"https:\/\/www.kayiprihtim.org\/portal\/gorsel\/2016\/06\/darth-vader.jpg\" alt=\"darth vader\" width=\"467\" height=\"262\" srcset=\"https:\/\/www.kayiprihtim.org\/portal\/gorsel\/2016\/06\/darth-vader.jpg 500w, https:\/\/www.kayiprihtim.org\/portal\/gorsel\/2016\/06\/darth-vader-300x169.jpg 300w\" sizes=\"(max-width: 467px) 100vw, 467px\" \/><\/p>\n<p><span style=\"font-size: 12pt;\"><strong><span style=\"color: #993300;\">Darth Vader<\/span>, Star Wars evreninin spin-off filmlerinden\u00a0<span style=\"color: #993300;\"><em>Rogue One: A Star Wars Story<\/em><\/span>\u2019de\u00a0birka\u00e7 ufak sahneden daha fazla rol\u00a0alacak.<\/strong><\/span><\/p>\n<p>Bir grup \u0130syanc\u0131\u2019n\u0131n \u00d6l\u00fcm Y\u0131ld\u0131z\u0131\u2019n\u0131n (<em>Death Star<\/em>) planlar\u0131n\u0131 \u00e7almas\u0131na yo\u011funla\u015facak olan film duyuruldu\u011fundan beri, <strong>Darth Vader<\/strong>\u2019\u0131n filmde ne kadar yer alaca\u011f\u0131 merak ediliyor ve tart\u0131\u015f\u0131l\u0131yordu. \u015eimdiyse bu durum kesinle\u015fti ve Sith lordumuzu\u00a0birka\u00e7 basit saniyeden daha fazla g\u00f6rece\u011fimiz belli oldu.<\/p>\n<p><em>Entertainment Weekly<\/em> taraf\u0131ndan yap\u0131lan a\u00e7\u0131klamaya g\u00f6re <span style=\"color: #993300; font-size: 12pt;\"><strong>Darth Vader<\/strong><\/span>, <em>Rogue One<\/em> filminde sadece g\u00f6r\u00fcnmeyecek, ayn\u0131 zamanda konunun ak\u0131\u015f\u0131nda da yer alacak. Ancak bu yerin ne kadar oldu\u011fu ve rol\u00fc kimin oynayaca\u011f\u0131 hen\u00fcz belli de\u011fil.<\/p>\n<p><strong>Gareth Edwards<\/strong>\u2019\u0131n y\u00f6netece\u011fi film, <strong>Felicity Jones<\/strong> taraf\u0131ndan canland\u0131r\u0131lacak olan Jyn Erso karakterine odaklanacak. K\u00fc\u00e7\u00fck uydu Yavin 4\u2019teki k\u00fc\u00e7\u00fck \u0130syanc\u0131 \u00fcss\u00fcn\u00fc ve <em>Revenge of the Sith<\/em> filminde yer almas\u0131 gereken ancak \u00e7\u0131kart\u0131lan\u00a0Mon Mothma karakterini g\u00f6rece\u011fimiz kesinle\u015fen filmin <strong>18 Aral\u0131k 2016<\/strong>\u2019da g\u00f6sterime girmesi planlan\u0131yor.<\/p>\n","protected":false},"excerpt":{"rendered":"<p>Darth Vader, Star Wars evreninin spin-off filmlerinden\u00a0Rogue One: A Star Wars Story\u2019de\u00a0birka\u00e7 ufak sahneden daha fazla rol\u00a0alacak. Bir grup \u0130syanc\u0131\u2019n\u0131n \u00d6l\u00fcm Y\u0131ld\u0131z\u0131\u2019n\u0131n (Death Star) planlar\u0131n\u0131 \u00e7almas\u0131na yo\u011funla\u015facak olan film duyuruldu\u011fundan beri, Darth Vader\u2019\u0131n filmde ne kadar yer alaca\u011f\u0131 merak ediliyor ve tart\u0131\u015f\u0131l\u0131yordu. \u015eimdiyse bu durum kesinle\u015fti ve Sith lordumuzu\u00a0birka\u00e7 basit saniyeden daha fazla g\u00f6rece\u011fimiz belli [&hellip;]<\/p>\n","protected":false},"author":77,"featured_media":57833,"comment_status":"open","ping_status":"closed","sticky":false,"template":"","format":"standard","meta":{"_acf_changed":false,"footnotes":""},"categories":[118],"tags":[405,4009,9210],"class_list":{"0":"post-57830","1":"post","2":"type-post","3":"status-publish","4":"format-standard","5":"has-post-thumbnail","7":"category-star-wars","8":"tag-darth-vader","9":"tag-rogue-one","10":"tag-star-wars","11":"kose_yazari-turker-bese"},"acf":[],"_links":{"self":[{"href":"https:\/\/www.kayiprihtim.org\/portal\/wp-json\/wp\/v2\/posts\/57830","targetHints":{"allow":["GET"]}}],"collection":[{"href":"https:\/\/www.kayiprihtim.org\/portal\/wp-json\/wp\/v2\/posts"}],"about":[{"href":"https:\/\/www.kayiprihtim.org\/portal\/wp-json\/wp\/v2\/types\/post"}],"author":[{"embeddable":true,"href":"https:\/\/www.kayiprihtim.org\/portal\/wp-json\/wp\/v2\/users\/77"}],"replies":[{"embeddable":true,"href":"https:\/\/www.kayiprihtim.org\/portal\/wp-json\/wp\/v2\/comments?post=57830"}],"version-history":[{"count":0,"href":"https:\/\/www.kayiprihtim.org\/portal\/wp-json\/wp\/v2\/posts\/57830\/revisions"}],"wp:featuredmedia":[{"embeddable":true,"href":"https:\/\/www.kayiprihtim.org\/portal\/wp-json\/wp\/v2\/media\/57833"}],"wp:attachment":[{"href":"https:\/\/www.kayiprihtim.org\/portal\/wp-json\/wp\/v2\/media?parent=57830"}],"wp:term":[{"taxonomy":"category","embeddable":true,"href":"https:\/\/www.kayiprihtim.org\/portal\/wp-json\/wp\/v2\/categories?post=57830"},{"taxonomy":"post_tag","embeddable":true,"href":"https:\/\/www.kayiprihtim.org\/portal\/wp-json\/wp\/v2\/tags?post=57830"}],"curies":[{"name":"wp","href":"https:\/\/api.w.org\/{rel}","templated":true}]}}