{"id":57865,"date":"2016-06-27T11:31:03","date_gmt":"2016-06-27T08:31:03","guid":{"rendered":"http:\/\/www.kayiprihtim.org\/portal\/?p=57865"},"modified":"2016-06-27T13:59:01","modified_gmt":"2016-06-27T10:59:01","slug":"yabaninin-temmuz-sayisi-simdiden-hazir","status":"publish","type":"post","link":"https:\/\/www.kayiprihtim.org\/portal\/2016\/06\/27\/yabaninin-temmuz-sayisi-simdiden-hazir\/","title":{"rendered":"Yabani\u2019nin Temmuz Say\u0131s\u0131na G\u00f6z At\u0131n"},"content":{"rendered":"<p><img fetchpriority=\"high\" decoding=\"async\" class=\"aligncenter size-full wp-image-57867\" src=\"https:\/\/www.kayiprihtim.org\/portal\/gorsel\/2016\/06\/yabani-002-ust.jpg\" alt=\"yabani-002-ust\" width=\"467\" height=\"273\" srcset=\"https:\/\/www.kayiprihtim.org\/portal\/gorsel\/2016\/06\/yabani-002-ust.jpg 500w, https:\/\/www.kayiprihtim.org\/portal\/gorsel\/2016\/06\/yabani-002-ust-300x175.jpg 300w\" sizes=\"(max-width: 467px) 100vw, 467px\" \/><\/p>\n<p><span style=\"font-size: 12pt;\"><strong>\u0130lk say\u0131s\u0131yla olduk\u00e7a olumlu yorumlar alan f<span style=\"color: #993300;\">antastik, bilimkurgu, korku<\/span> ve <span style=\"color: #993300;\">\u00e7izgi roman<\/span> dergisi <span style=\"color: #993300;\">Yabani<\/span> temmuz ay\u0131na da iddial\u0131 bir giri\u015f yapmaya\u00a0haz\u0131rlan\u0131yor.<\/strong><\/span><\/p>\n<p>Seyfettin Efendi\u2019nin yarat\u0131c\u0131s\u0131 <strong>Devrim Kunter<\/strong> ile her biri birbirinden yetenekli yazar-\u00e7izer arkada\u015flar\u0131n\u0131n \u00f6nderli\u011finde yola ba\u015flayan <span style=\"color: #993300; font-size: 12pt;\"><strong>Yabani Dergi<\/strong><\/span>, ikinci say\u0131s\u0131yla da hayli iddial\u0131. 1 Temmuz <img decoding=\"async\" class=\"size-full wp-image-57866 alignright\" src=\"https:\/\/www.kayiprihtim.org\/portal\/gorsel\/2016\/06\/yabani-002.jpg\" alt=\"yabani-002\" width=\"200\" height=\"300\" \/>itibariyle raflardaki yerini alacak dergide \u00f6nceki say\u0131da yer alan yazar-\u00e7izer kadrosundan baz\u0131 isimler yerlerini korurken onlara bir o kadar yetenekli ve heyecan verici isimler de kat\u0131lm\u0131\u015f.<\/p>\n<p>Yabani #2\u2019de hik\u00e2yeleri ve \u00e7izgi-romanlar\u0131yla g\u00f6rece\u011fimiz konuk sanat\u00e7\u0131lar\u0131n aras\u0131nda <strong>Onat Bahad\u0131r<\/strong> (<em>Delili\u011fi Beklerken<\/em>), <strong>Erbu\u011f Kaya<\/strong> (<em>Giddar<\/em>) ve <strong>Demokan Atasoy<\/strong> (<em>Anadolu Korku \u00d6yk\u00fcleri 2<\/em>) gibi isimler var.<\/p>\n<p><strong>I\u015f\u0131n Beril Tetik, Kadir \u00d6zen, Bora \u00d6\u00e7al <\/strong>ve<strong> \u00d6mer Tun\u00e7<\/strong> ise ilk say\u0131dan yerini koruyanlar aras\u0131nda. Devrim Kunter ise bu kez bir de\u011fil, iki farkl\u0131 \u00e7izgi-romanla yer al\u0131yor derginin sayfalar\u0131 aras\u0131nda.<\/p>\n<p>\u0130kinci say\u0131n\u0131n \u00f6rnek sayfalar\u0131na hemen <span style=\"font-size: 12pt;\"><strong><a href=\"https:\/\/issuu.com\/efendiyayinlari\/docs\/yabani02-tanitim\" target=\"_blank\" rel=\"nofollow noopener\">buradan<\/a><\/strong><\/span> ula\u015fabilirsiniz. <strong>1 Temmuz<\/strong>\u2019dan itibaren t\u00fcm gazete bayilerinde bulabilece\u011finiz Yabani Dergi\u2019nin fiyat\u0131ysa sadece 5 TL.<\/p>\n","protected":false},"excerpt":{"rendered":"<p>\u0130lk say\u0131s\u0131yla olduk\u00e7a olumlu yorumlar alan fantastik, bilimkurgu, korku ve \u00e7izgi roman dergisi Yabani temmuz ay\u0131na da iddial\u0131 bir giri\u015f yapmaya\u00a0haz\u0131rlan\u0131yor. Seyfettin Efendi\u2019nin yarat\u0131c\u0131s\u0131 Devrim Kunter ile her biri birbirinden yetenekli yazar-\u00e7izer arkada\u015flar\u0131n\u0131n \u00f6nderli\u011finde yola ba\u015flayan Yabani Dergi, ikinci say\u0131s\u0131yla da hayli iddial\u0131. 1 Temmuz itibariyle raflardaki yerini alacak dergide \u00f6nceki say\u0131da yer alan yazar-\u00e7izer [&hellip;]<\/p>\n","protected":false},"author":57,"featured_media":57867,"comment_status":"open","ping_status":"closed","sticky":false,"template":"","format":"standard","meta":{"_acf_changed":false,"footnotes":""},"categories":[1241],"tags":[9848,2198,1030,319,2199,2586,2596,536,9847],"class_list":{"0":"post-57865","1":"post","2":"type-post","3":"status-publish","4":"format-standard","5":"has-post-thumbnail","7":"category-dergiler","8":"tag-bora-ocal","9":"tag-demokan-atasoy","10":"tag-devrim-kunter","11":"tag-erbug-kaya","12":"tag-isin-beril-tetik","13":"tag-kadir-ozen","14":"tag-omer-tunc","15":"tag-onat-bahadir","16":"tag-yabani-dergi"},"acf":[],"_links":{"self":[{"href":"https:\/\/www.kayiprihtim.org\/portal\/wp-json\/wp\/v2\/posts\/57865","targetHints":{"allow":["GET"]}}],"collection":[{"href":"https:\/\/www.kayiprihtim.org\/portal\/wp-json\/wp\/v2\/posts"}],"about":[{"href":"https:\/\/www.kayiprihtim.org\/portal\/wp-json\/wp\/v2\/types\/post"}],"author":[{"embeddable":true,"href":"https:\/\/www.kayiprihtim.org\/portal\/wp-json\/wp\/v2\/users\/57"}],"replies":[{"embeddable":true,"href":"https:\/\/www.kayiprihtim.org\/portal\/wp-json\/wp\/v2\/comments?post=57865"}],"version-history":[{"count":0,"href":"https:\/\/www.kayiprihtim.org\/portal\/wp-json\/wp\/v2\/posts\/57865\/revisions"}],"wp:featuredmedia":[{"embeddable":true,"href":"https:\/\/www.kayiprihtim.org\/portal\/wp-json\/wp\/v2\/media\/57867"}],"wp:attachment":[{"href":"https:\/\/www.kayiprihtim.org\/portal\/wp-json\/wp\/v2\/media?parent=57865"}],"wp:term":[{"taxonomy":"category","embeddable":true,"href":"https:\/\/www.kayiprihtim.org\/portal\/wp-json\/wp\/v2\/categories?post=57865"},{"taxonomy":"post_tag","embeddable":true,"href":"https:\/\/www.kayiprihtim.org\/portal\/wp-json\/wp\/v2\/tags?post=57865"}],"curies":[{"name":"wp","href":"https:\/\/api.w.org\/{rel}","templated":true}]}}