{"id":615,"date":"2009-01-26T13:38:29","date_gmt":"2009-01-26T10:38:29","guid":{"rendered":"http:\/\/www.kayiprihtim.org\/portal\/?p=615"},"modified":"2009-02-10T16:33:49","modified_gmt":"2009-02-10T13:33:49","slug":"majere-kardesler-yakinda","status":"publish","type":"post","link":"https:\/\/www.kayiprihtim.org\/portal\/2009\/01\/26\/majere-kardesler-yakinda\/","title":{"rendered":"&#8220;Majere Karde\u015fler&#8221; Yak\u0131nda"},"content":{"rendered":"<p><img fetchpriority=\"high\" decoding=\"async\" class=\"alignleft\" src=\"https:\/\/www.kayiprihtim.org\/portal\/gorsel\/dragonlance\/products_dlnovel_179710000_lgpic.jpg\" alt=\"\" width=\"186\" height=\"306\">Ejderha M\u0131zra\u011f\u0131 serisinin merakla beklenen kitaplar\u0131ndan Majere Karde\u015fler (Ba\u015flang\u0131\u00e7lar Serisi 3. Kitap) \u00f6n\u00fcm\u00fczdeki ay \u00e7\u0131kacak!!<\/p>\n<p>Laika Yay\u0131nevi edit\u00f6r\u00fc Kayra &#8220;Keri&#8221; K\u00fcp\u00e7\u00fc&#8217;n\u00fcn FrpKitap.com adl\u0131 kitap sat\u0131\u015f sitesi i\u00e7in duyurdu\u011fu yeni kampanyada \u015eubat ay\u0131nda \u00e7\u0131kacak olan &#8220;Majere Karde\u015fler&#8221; i\u00e7in m\u00fcjdeli haberi vermi\u015f oldu.<\/p>\n<p>Ejderha M\u0131zra\u011f\u0131 serisinin en \u00fcnl\u00fc karaktelerinden kudretli b\u00fcy\u00fcc\u00fc Raistlin ve karde\u015fi Caramon&#8217;un birlikte ge\u00e7irdi\u011fi maceralar\u0131 konu alan bu kitap okurlar\u0131 taraf\u0131ndan uzun s\u00fcredir bekleniyordu.<\/p>\n<p>&#8220;Majdere Karde\u015fler&#8221; kitab\u0131 M\u0131zrak Sava\u015f\u0131n&#8217;dan \u00f6nceki arkada\u015flar\u0131n sava\u015f s\u00f6ylentilerini do\u011frulamak amac\u0131yla birbirlerinden ayr\u0131ld\u0131klar\u0131 be\u015f y\u0131l\u0131 anlat\u0131yor.<\/p>\n<p><strong>Not:<\/strong> <span style=\"color: #ff0000;\"><em>Tan\u0131t\u0131m yaz\u0131s\u0131 k\u0131sa s\u00fcre sonra \u00e7\u0131kacak, ve \u00e7\u0131kt\u0131\u011f\u0131 an sizlerle payla\u015f\u0131lacakt\u0131r.<\/em><\/span><\/p>\n","protected":false},"excerpt":{"rendered":"<p>Ejderha M\u0131zra\u011f\u0131 serisinin merakla beklenen kitaplar\u0131ndan Majere Karde\u015fler (Ba\u015flang\u0131\u00e7lar Serisi 3. Kitap) \u00f6n\u00fcm\u00fczdeki ay \u00e7\u0131kacak!! Laika Yay\u0131nevi edit\u00f6r\u00fc Kayra &#8220;Keri&#8221; K\u00fcp\u00e7\u00fc&#8217;n\u00fcn FrpKitap.com adl\u0131 kitap sat\u0131\u015f sitesi i\u00e7in duyurdu\u011fu yeni kampanyada \u015eubat ay\u0131nda \u00e7\u0131kacak olan &#8220;Majere Karde\u015fler&#8221; i\u00e7in m\u00fcjdeli haberi vermi\u015f oldu. Ejderha M\u0131zra\u011f\u0131 serisinin en \u00fcnl\u00fc karaktelerinden kudretli b\u00fcy\u00fcc\u00fc Raistlin ve karde\u015fi Caramon&#8217;un birlikte ge\u00e7irdi\u011fi [&hellip;]<\/p>\n","protected":false},"author":1,"featured_media":0,"comment_status":"open","ping_status":"closed","sticky":false,"template":"","format":"standard","meta":{"_acf_changed":false,"footnotes":""},"categories":[4],"tags":[13,9192,50],"class_list":{"0":"post-615","1":"post","2":"type-post","3":"status-publish","4":"format-standard","6":"category-ejderha-mizragi","7":"tag-dragonlance","8":"tag-ejderha-mizragi","9":"tag-majere-kardesler"},"acf":[],"_links":{"self":[{"href":"https:\/\/www.kayiprihtim.org\/portal\/wp-json\/wp\/v2\/posts\/615","targetHints":{"allow":["GET"]}}],"collection":[{"href":"https:\/\/www.kayiprihtim.org\/portal\/wp-json\/wp\/v2\/posts"}],"about":[{"href":"https:\/\/www.kayiprihtim.org\/portal\/wp-json\/wp\/v2\/types\/post"}],"author":[{"embeddable":true,"href":"https:\/\/www.kayiprihtim.org\/portal\/wp-json\/wp\/v2\/users\/1"}],"replies":[{"embeddable":true,"href":"https:\/\/www.kayiprihtim.org\/portal\/wp-json\/wp\/v2\/comments?post=615"}],"version-history":[{"count":0,"href":"https:\/\/www.kayiprihtim.org\/portal\/wp-json\/wp\/v2\/posts\/615\/revisions"}],"wp:attachment":[{"href":"https:\/\/www.kayiprihtim.org\/portal\/wp-json\/wp\/v2\/media?parent=615"}],"wp:term":[{"taxonomy":"category","embeddable":true,"href":"https:\/\/www.kayiprihtim.org\/portal\/wp-json\/wp\/v2\/categories?post=615"},{"taxonomy":"post_tag","embeddable":true,"href":"https:\/\/www.kayiprihtim.org\/portal\/wp-json\/wp\/v2\/tags?post=615"}],"curies":[{"name":"wp","href":"https:\/\/api.w.org\/{rel}","templated":true}]}}