{"id":6379,"date":"2010-12-23T10:09:46","date_gmt":"2010-12-23T08:09:46","guid":{"rendered":"http:\/\/www.kayiprihtim.org\/portal\/?p=6379"},"modified":"2010-12-23T10:09:46","modified_gmt":"2010-12-23T08:09:46","slug":"cizgi-roman-ve-populer-kultur-paneli","status":"publish","type":"post","link":"https:\/\/www.kayiprihtim.org\/portal\/2010\/12\/23\/cizgi-roman-ve-populer-kultur-paneli\/","title":{"rendered":"\u00c7izgi Roman ve Pop\u00fcler K\u00fclt\u00fcr Paneli!"},"content":{"rendered":"<p style=\"text-align: center;\"><strong>\u201cPop\u00fcler K\u00fclt\u00fcr = T\u00fcketim D\u00f6ng\u00fcs\u00fc\u2026m\u00fc?\u201d<\/strong><\/p>\n<p style=\"text-align: center;\"><em><strong> <\/strong><\/em><\/p>\n<p style=\"text-align: center;\"><em><strong>D\u00fczenleyen<\/strong><\/em><br \/>\n<strong>\u0130.\u00dc. Edebiyat Fak\u00fcltesi Bat\u0131 Dilleri ve Edebiyatlar\u0131 B\u00f6l\u00fcm\u00fc<\/strong><\/p>\n<p style=\"text-align: center;\"><strong><img fetchpriority=\"high\" decoding=\"async\" class=\"aligncenter\" src=\"https:\/\/www.kayiprihtim.org\/portal\/gorsel\/populer-kultur-panel.jpg\" alt=\"\" width=\"490\" height=\"179\"><\/strong><\/p>\n<p style=\"text-align: center;\"><strong><span style=\"text-decoration: underline;\">1. oturum 10:00 &#8211; 11:45<\/span><\/strong><\/p>\n<p style=\"text-align: center;\"><strong>Yrd. Do\u00e7. Nejdet Neydim &#8220;<\/strong>Gen\u00e7lik Edebiyat\u0131 ve Pop\u00fcler K\u00fclt\u00fcr<strong>&#8220;<\/strong><\/p>\n<p style=\"text-align: center;\"><strong>Do\u00e7. Dr. Mukadder \u00c7ak\u0131r Ayd\u0131n (M.\u00dc. \u0130leti\u015fim F.)&#8221;<\/strong>Pop\u00fcler K\u00fclt\u00fcr ve G\u00f6steri<strong>&#8220;<\/strong><\/p>\n<p style=\"text-align: center;\"><strong>N\u00fckhet\u00a0Polat: <\/strong>\u0130talya\u2019n\u0131n \u2018Sald\u0131rgan\u2019 Pop\u2019u: Aldo Nove\u2019nin\u00a0<em>Woobinda<\/em> \u00d6yk\u00fclerinde Medya Ele\u015ftirisi<\/p>\n<p style=\"text-align: center;\">\n<p style=\"text-align: center;\"><strong><span style=\"text-decoration: underline;\">2. oturum 12:00 &#8211; 13:45<\/span><\/strong><\/p>\n<p style=\"text-align: center;\"><strong>\u00dcmit Kire\u00e7\u00e7i &#8220;<\/strong>Pop\u00fcler D\u00fcnyan\u0131n T\u00fcketim Kar\u015f\u0131t\u0131 \u00c7izgi Romanlar\u0131<strong>&#8220;<\/strong><\/p>\n<p style=\"text-align: center;\"><strong>Ege G\u00f6rg\u00fcn \u201c<\/strong>T\u00fcrk Sinemas\u0131nda \u00c7izgi Roman Uyarlamalar\u0131<strong>&#8220;<\/strong><\/p>\n<p style=\"text-align: center;\"><strong>Re\u015fat Fuat \u00c7al\u0131\u015flar: <\/strong>Entelekt\u00fcel D\u00fcnya ve Pop M\u00fczik<\/p>\n<div style=\"text-align: center;\">\n<p><strong>Say\u0131m \u00c7\u0131nar: <\/strong>\u0130nternet D\u00fcnyas\u0131nda R\u00f6portajc\u0131 Olmak<\/p>\n<p><strong>***<br \/>\n<\/strong><\/p>\n<p><strong>Tarih<\/strong> &#8211; 27 Aral\u0131k 2010<\/p>\n<p><strong>Saat<\/strong> &#8211; 10:00- 13:45<\/p>\n<p style=\"text-align: center;\"><strong>Yer \u2013 <\/strong>Avrasya Enstit\u00fcs\u00fc \/ \u0130\u00dc Edebiyat Fak. Yan\u0131 \u2013 Laleli\/Beyaz\u0131t<\/p>\n<\/div>\n","protected":false},"excerpt":{"rendered":"<p>\u201cPop\u00fcler K\u00fclt\u00fcr = T\u00fcketim D\u00f6ng\u00fcs\u00fc\u2026m\u00fc?\u201d D\u00fczenleyen \u0130.\u00dc. Edebiyat Fak\u00fcltesi Bat\u0131 Dilleri ve Edebiyatlar\u0131 B\u00f6l\u00fcm\u00fc 1. oturum 10:00 &#8211; 11:45 Yrd. Do\u00e7. Nejdet Neydim &#8220;Gen\u00e7lik Edebiyat\u0131 ve Pop\u00fcler K\u00fclt\u00fcr&#8220; Do\u00e7. Dr. Mukadder \u00c7ak\u0131r Ayd\u0131n (M.\u00dc. \u0130leti\u015fim F.)&#8221;Pop\u00fcler K\u00fclt\u00fcr ve G\u00f6steri&#8220; N\u00fckhet\u00a0Polat: \u0130talya\u2019n\u0131n \u2018Sald\u0131rgan\u2019 Pop\u2019u: Aldo Nove\u2019nin\u00a0Woobinda \u00d6yk\u00fclerinde Medya Ele\u015ftirisi 2. oturum 12:00 &#8211; 13:45 \u00dcmit Kire\u00e7\u00e7i [&hellip;]<\/p>\n","protected":false},"author":1,"featured_media":0,"comment_status":"open","ping_status":"closed","sticky":false,"template":"","format":"standard","meta":{"_acf_changed":false,"footnotes":""},"categories":[334,69],"tags":[],"class_list":{"0":"post-6379","1":"post","2":"type-post","3":"status-publish","4":"format-standard","6":"category-cizgi-roman","7":"category-etkinlik"},"acf":[],"_links":{"self":[{"href":"https:\/\/www.kayiprihtim.org\/portal\/wp-json\/wp\/v2\/posts\/6379","targetHints":{"allow":["GET"]}}],"collection":[{"href":"https:\/\/www.kayiprihtim.org\/portal\/wp-json\/wp\/v2\/posts"}],"about":[{"href":"https:\/\/www.kayiprihtim.org\/portal\/wp-json\/wp\/v2\/types\/post"}],"author":[{"embeddable":true,"href":"https:\/\/www.kayiprihtim.org\/portal\/wp-json\/wp\/v2\/users\/1"}],"replies":[{"embeddable":true,"href":"https:\/\/www.kayiprihtim.org\/portal\/wp-json\/wp\/v2\/comments?post=6379"}],"version-history":[{"count":0,"href":"https:\/\/www.kayiprihtim.org\/portal\/wp-json\/wp\/v2\/posts\/6379\/revisions"}],"wp:attachment":[{"href":"https:\/\/www.kayiprihtim.org\/portal\/wp-json\/wp\/v2\/media?parent=6379"}],"wp:term":[{"taxonomy":"category","embeddable":true,"href":"https:\/\/www.kayiprihtim.org\/portal\/wp-json\/wp\/v2\/categories?post=6379"},{"taxonomy":"post_tag","embeddable":true,"href":"https:\/\/www.kayiprihtim.org\/portal\/wp-json\/wp\/v2\/tags?post=6379"}],"curies":[{"name":"wp","href":"https:\/\/api.w.org\/{rel}","templated":true}]}}