{"id":6457,"date":"2010-12-28T16:57:18","date_gmt":"2010-12-28T14:57:18","guid":{"rendered":"http:\/\/www.kayiprihtim.org\/portal\/?p=6457"},"modified":"2010-12-28T16:57:33","modified_gmt":"2010-12-28T14:57:33","slug":"sebnem-piskin-roportaji-yayinda","status":"publish","type":"post","link":"https:\/\/www.kayiprihtim.org\/portal\/2010\/12\/28\/sebnem-piskin-roportaji-yayinda\/","title":{"rendered":"\u015eebnem Pi\u015fkin R\u00f6portaj\u0131 Yay\u0131nda"},"content":{"rendered":"<p><img fetchpriority=\"high\" decoding=\"async\" class=\"aligncenter\" src=\"https:\/\/www.kayiprihtim.org\/portal\/gorsel\/yazarlar\/sebnem-piskin-1.jpg\" alt=\"\" width=\"490\" height=\"212\"><\/p>\n<p>\u00d6zellikle fantastik t\u00fcrden okuyucular olarak kendisini<a href=\"https:\/\/www.kayiprihtim.org\/portal\/israfilin-aynasi\/\"> \u0130srafil&#8217;in Aynas\u0131<\/a> ve akabininde \u00e7ok ses getiren <a href=\"https:\/\/www.kayiprihtim.org\/portal\/kirklar-diyari\/\">K\u0131rklar Diyar\u0131<\/a> adl\u0131 kitaplar\u0131 ile tan\u0131d\u0131\u011f\u0131m\u0131z yazar <strong>\u015eebnem Pi\u015fkin<\/strong> ile sizler i\u00e7in olduk\u00e7a keyifli bir r\u00f6portaj ger\u00e7ekle\u015ftirdik!<\/p>\n<p><strong><em>Alper Kaya<\/em><\/strong>&#8216;n\u0131n yapm\u0131\u015f oldu\u011fu bu r\u00f6portajda,<strong> \u015eebnem Pi\u015fkin<\/strong>&#8216;in detayl\u0131 anlat\u0131m\u0131 ve \u00fcslubu hakk\u0131nda olduk\u00e7a ayr\u0131nt\u0131l\u0131 bilgiler bulacaks\u0131n\u0131z. Gerek \u00f6\u011frenim hayat\u0131 gerekse sonras\u0131 i\u00e7in yapt\u0131\u011f\u0131 \u00e7al\u0131\u015fmalar, yazarl\u0131\u011fa ilk ad\u0131m at\u0131\u015f\u0131 ve gelen tepkiler&#8230; T\u00fcm bu sorular\u0131n cevab\u0131n\u0131 i\u00e7ten bir \u015fekilde bizlerle payla\u015fan <strong>Pi\u015fkin<\/strong>, ayr\u0131ca dini konular ve tasavvuf hakk\u0131ndaki d\u00fc\u015f\u00fcncelerini de dile getirdi.<\/p>\n<p>\u00d6ncelikle bu g\u00fczel ve kapsaml\u0131 sorularla bezeli r\u00f6portaj\u0131 bizlerle bulu\u015fturdu\u011fu i\u00e7in<em> <strong>Alper Kaya<\/strong><\/em>&#8216;ya, sonras\u0131nda ise samimi, detayl\u0131 ve birbirinden g\u00fczel cevaplar\u0131 i\u00e7in <strong>\u015eebnem Pi\u015fkin<\/strong>&#8216;e sonsuz te\u015fekk\u00fcrler!<\/p>\n<p>R\u00f6portaja ula\u015fmak i\u00e7in yapman\u0131z gereken tek \u015fey <a href=\"https:\/\/www.kayiprihtim.org\/portal\/sebnem-piskin-ile-roportaj\/\">BURAYA<\/a> t\u0131klamak!<\/p>\n<p>\u015eimdiden herkese iyi okumalar diliyoruz&#8230;<\/p>\n","protected":false},"excerpt":{"rendered":"<p>\u00d6zellikle fantastik t\u00fcrden okuyucular olarak kendisini \u0130srafil&#8217;in Aynas\u0131 ve akabininde \u00e7ok ses getiren K\u0131rklar Diyar\u0131 adl\u0131 kitaplar\u0131 ile tan\u0131d\u0131\u011f\u0131m\u0131z yazar \u015eebnem Pi\u015fkin ile sizler i\u00e7in olduk\u00e7a keyifli bir r\u00f6portaj ger\u00e7ekle\u015ftirdik! Alper Kaya&#8216;n\u0131n yapm\u0131\u015f oldu\u011fu bu r\u00f6portajda, \u015eebnem Pi\u015fkin&#8216;in detayl\u0131 anlat\u0131m\u0131 ve \u00fcslubu hakk\u0131nda olduk\u00e7a ayr\u0131nt\u0131l\u0131 bilgiler bulacaks\u0131n\u0131z. Gerek \u00f6\u011frenim hayat\u0131 gerekse sonras\u0131 i\u00e7in yapt\u0131\u011f\u0131 \u00e7al\u0131\u015fmalar, [&hellip;]<\/p>\n","protected":false},"author":1,"featured_media":0,"comment_status":"open","ping_status":"closed","sticky":false,"template":"","format":"standard","meta":{"_acf_changed":false,"footnotes":""},"categories":[95,81],"tags":[],"class_list":{"0":"post-6457","1":"post","2":"type-post","3":"status-publish","4":"format-standard","6":"category-roportaj","7":"category-yazar"},"acf":[],"_links":{"self":[{"href":"https:\/\/www.kayiprihtim.org\/portal\/wp-json\/wp\/v2\/posts\/6457","targetHints":{"allow":["GET"]}}],"collection":[{"href":"https:\/\/www.kayiprihtim.org\/portal\/wp-json\/wp\/v2\/posts"}],"about":[{"href":"https:\/\/www.kayiprihtim.org\/portal\/wp-json\/wp\/v2\/types\/post"}],"author":[{"embeddable":true,"href":"https:\/\/www.kayiprihtim.org\/portal\/wp-json\/wp\/v2\/users\/1"}],"replies":[{"embeddable":true,"href":"https:\/\/www.kayiprihtim.org\/portal\/wp-json\/wp\/v2\/comments?post=6457"}],"version-history":[{"count":0,"href":"https:\/\/www.kayiprihtim.org\/portal\/wp-json\/wp\/v2\/posts\/6457\/revisions"}],"wp:attachment":[{"href":"https:\/\/www.kayiprihtim.org\/portal\/wp-json\/wp\/v2\/media?parent=6457"}],"wp:term":[{"taxonomy":"category","embeddable":true,"href":"https:\/\/www.kayiprihtim.org\/portal\/wp-json\/wp\/v2\/categories?post=6457"},{"taxonomy":"post_tag","embeddable":true,"href":"https:\/\/www.kayiprihtim.org\/portal\/wp-json\/wp\/v2\/tags?post=6457"}],"curies":[{"name":"wp","href":"https:\/\/api.w.org\/{rel}","templated":true}]}}