{"id":7277,"date":"2011-02-07T13:05:26","date_gmt":"2011-02-07T11:05:26","guid":{"rendered":"http:\/\/www.kayiprihtim.org\/portal\/?p=7277"},"modified":"2011-02-07T13:05:26","modified_gmt":"2011-02-07T11:05:26","slug":"on-bes-yasinda-bir-kaptan-ikinci-cildiyle","status":"publish","type":"post","link":"https:\/\/www.kayiprihtim.org\/portal\/2011\/02\/07\/on-bes-yasinda-bir-kaptan-ikinci-cildiyle\/","title":{"rendered":"&#8220;On Be\u015f Ya\u015f\u0131nda Bir Kaptan&#8221; \u0130kinci Cildiyle&#8230;"},"content":{"rendered":"<p><img fetchpriority=\"high\" decoding=\"async\" class=\"aligncenter\" src=\"https:\/\/www.kayiprihtim.org\/portal\/gorsel\/on-bes-yasinda-bir-kaptan-2-top.jpg\" alt=\"\" width=\"490\" height=\"140\"><\/p>\n<p><em>\u0130thaki Yay\u0131nlar\u0131<\/em>, ilk cildini ge\u00e7en ay \u00e7\u0131kard\u0131\u011f\u0131 <strong>On Be\u015f Ya\u015f\u0131nda Bir Kaptan<\/strong> adl\u0131 <em><strong>Jules Verne<\/strong><\/em> roman\u0131n\u0131n ikinci cildini okurlar\u0131na sunuyor!<\/p>\n<p style=\"padding-left: 30px;\">\u0130nsan ticaretinin art\u0131k yap\u0131lmad\u0131\u011f\u0131 d\u00fc\u015f\u00fcn\u00fclebilir. \u0130nsan al\u0131m sat\u0131m\u0131  durdurulmu\u015ftur. Oysa i\u015fin asl\u0131 hi\u00e7 de \u00f6yle de\u011fildir. Bu yap\u0131t\u0131n ikinci  k\u0131sm\u0131n\u0131 merak ediyorsa, okurun bu nokta \u00fczerinde durmas\u0131 gerekir.  G\u00fcn\u00fcm\u00fczde h\u00e2l\u00e2 insan av\u0131n\u0131n nas\u0131l s\u00fcrd\u00fcr\u00fcld\u00fc\u011f\u00fcn\u00fc, k\u00f6lelerden olu\u015fan  koloniler kurmak amac\u0131yla, ya\u015fayanlar\u0131ndan b\u00fct\u00fcn bir k\u0131tan\u0131n nas\u0131l  yoksun b\u0131rak\u0131lmak istendi\u011fini, o barbarca \u00e7apullar\u0131n nas\u0131l ve nerede  ger\u00e7ekle\u015ftirildi\u011fini, nas\u0131l kan d\u00f6k\u00fcld\u00fc\u011f\u00fcn\u00fc, nas\u0131l kundaklama ve  ya\u011fmalar yap\u0131ld\u0131\u011f\u0131n\u0131 ve sonu\u00e7ta b\u00fct\u00fcn bunlar\u0131n, kimin i\u015fine yarad\u0131\u011f\u0131n\u0131  okurun \u00f6\u011frenmesi gerekir.<\/p>\n<p>\u00d6n\u00fcm\u00fczdeki g\u00fcnlerde \u00e7\u0131kacak olan kitab\u0131n \u00e7evirisini<em> Ender Bedisel<\/em> ve yay\u0131na haz\u0131rl\u0131\u011f\u0131n\u0131 da <em>Emine Sar\u0131kartal <\/em>\u00fcstleniyor<em>.<\/em> Kitab\u0131n ayr\u0131nt\u0131l\u0131 tan\u0131t\u0131m metni ile k\u00fcnye bilgilerine ula\u015fmak i\u00e7in <a href=\"https:\/\/www.kayiprihtim.org\/portal\/on-bes-yasinda-bir-kaptan\/#2\"><strong>buraya<\/strong><\/a> t\u0131klayabilirsiniz.<\/p>\n","protected":false},"excerpt":{"rendered":"<p>\u0130thaki Yay\u0131nlar\u0131, ilk cildini ge\u00e7en ay \u00e7\u0131kard\u0131\u011f\u0131 On Be\u015f Ya\u015f\u0131nda Bir Kaptan adl\u0131 Jules Verne roman\u0131n\u0131n ikinci cildini okurlar\u0131na sunuyor! \u0130nsan ticaretinin art\u0131k yap\u0131lmad\u0131\u011f\u0131 d\u00fc\u015f\u00fcn\u00fclebilir. \u0130nsan al\u0131m sat\u0131m\u0131 durdurulmu\u015ftur. Oysa i\u015fin asl\u0131 hi\u00e7 de \u00f6yle de\u011fildir. Bu yap\u0131t\u0131n ikinci k\u0131sm\u0131n\u0131 merak ediyorsa, okurun bu nokta \u00fczerinde durmas\u0131 gerekir. G\u00fcn\u00fcm\u00fczde h\u00e2l\u00e2 insan av\u0131n\u0131n nas\u0131l s\u00fcrd\u00fcr\u00fcld\u00fc\u011f\u00fcn\u00fc, k\u00f6lelerden [&hellip;]<\/p>\n","protected":false},"author":1,"featured_media":0,"comment_status":"open","ping_status":"closed","sticky":false,"template":"","format":"standard","meta":{"_acf_changed":false,"footnotes":""},"categories":[80],"tags":[],"class_list":{"0":"post-7277","1":"post","2":"type-post","3":"status-publish","4":"format-standard","6":"category-bilim-kurgu"},"acf":[],"_links":{"self":[{"href":"https:\/\/www.kayiprihtim.org\/portal\/wp-json\/wp\/v2\/posts\/7277","targetHints":{"allow":["GET"]}}],"collection":[{"href":"https:\/\/www.kayiprihtim.org\/portal\/wp-json\/wp\/v2\/posts"}],"about":[{"href":"https:\/\/www.kayiprihtim.org\/portal\/wp-json\/wp\/v2\/types\/post"}],"author":[{"embeddable":true,"href":"https:\/\/www.kayiprihtim.org\/portal\/wp-json\/wp\/v2\/users\/1"}],"replies":[{"embeddable":true,"href":"https:\/\/www.kayiprihtim.org\/portal\/wp-json\/wp\/v2\/comments?post=7277"}],"version-history":[{"count":0,"href":"https:\/\/www.kayiprihtim.org\/portal\/wp-json\/wp\/v2\/posts\/7277\/revisions"}],"wp:attachment":[{"href":"https:\/\/www.kayiprihtim.org\/portal\/wp-json\/wp\/v2\/media?parent=7277"}],"wp:term":[{"taxonomy":"category","embeddable":true,"href":"https:\/\/www.kayiprihtim.org\/portal\/wp-json\/wp\/v2\/categories?post=7277"},{"taxonomy":"post_tag","embeddable":true,"href":"https:\/\/www.kayiprihtim.org\/portal\/wp-json\/wp\/v2\/tags?post=7277"}],"curies":[{"name":"wp","href":"https:\/\/api.w.org\/{rel}","templated":true}]}}